{"id":1387,"date":"2017-08-02T00:45:05","date_gmt":"2017-08-01T22:45:05","guid":{"rendered":"http:\/\/ichkeria.at\/?p=1387"},"modified":"2017-08-02T00:45:05","modified_gmt":"2017-08-01T22:45:05","slug":"sind-fluechtlinge-das-problem","status":"publish","type":"post","link":"http:\/\/ichkeria.at\/?p=1387&lang=de","title":{"rendered":"Sind Fl\u00fcchtlinge DAS Problem?"},"content":{"rendered":"<div class=\"_5x46\">\n<div class=\"clearfix _5va3\">\n<div class=\"clearfix _42ef\">\n<div class=\"_5va4\">\n<div class=\"_6a _5u5j\">\n<div class=\"_6a _5u5j _6b\">\n<div class=\"_5pcp _5lel\">\n<div class=\"_6a _29ee _4f-9 _43_1\" role=\"img\" data-hover=\"tooltip\" data-tooltip-content=\"Geteilt mit: \u00d6ffentlich\" aria-label=\"Geteilt mit: \u00d6ffentlich\"><img loading=\"lazy\" decoding=\"async\" class=\"size-full wp-image-1388 alignleft\" src=\"http:\/\/ichkeria.at\/wp-content\/uploads\/2017\/08\/\u0434\u043e\u0431\u0440\u0438\u0447.jpg\" alt=\"\" width=\"232\" height=\"217\" \/>W\u00e4hrend unsere Politiker, deren W\u00e4hler, unsere Medien und deren Konsumenten \u00fcber die Verteilung von Fl\u00fcchtlingen in den EU-L\u00e4ndern diskutieren und den \u201enicht finanzierbaren\u201c Alltag der vielen Asylwerber in den Mittelpunkt stellen, geht es eigentlich um etwas ganz anderes. Es geht um die Frage: Gew\u00e4hren wir den Fl\u00fcchtlingen Asyl oder gew\u00e4hren wir ihnen kein Asyl.<\/div>\n<\/div>\n<\/div>\n<\/div>\n<\/div>\n<\/div>\n<\/div>\n<\/div>\n<div id=\"js_7\" class=\"_5pbx userContent\" data-ft=\"{&quot;tn&quot;:&quot;K&quot;}\">\n<p>Hier findet eine von unseren Politikern ganz bewusst gelenkte Fokusverschiebung statt. Durch eine Angstmache wird die \u00f6ffentliche Meinungsbildung gegen die Fl\u00fcchtlinge, aber auch gegen unser Interesse, die wahren Ursachen unserer politisch-wirtschaftlichen Gegenwart zu verstehen und dementsprechend mitentscheiden zu k\u00f6nnen, beeinflusst. Hier wird versucht den Fokus der eigenen Bev\u00f6lkerung und deren immer st\u00e4rker werdende Verunsicherung durch die Polarisierung der Fl\u00fcchtlingsfrage und die Darstellung der Fl\u00fcchtlinge als Ungl\u00fccksbringer und Lebensstandard-Zerst\u00f6rer, von dem wahren Problem zu ziehen.<\/p>\n<p>Unzufriedenheit mit der politisch-wirtschaftlichen neoliberalen Orientierung der EU, die keine Besserungen f\u00fcr den Mittelstand vorsieht, die Verarmung der eigenen Bev\u00f6lkerung, der Sozialabbau, das F\u00fchren von Stellvertreterkriegen in Afrika und im Nahen Osten und der Raub jeglicher Existenzgrundlagen derer Bev\u00f6lkerung, haben vor allem ein Ziel \u2013 die Bereicherung des Establishments und die St\u00e4rkung seiner politischen Weltmacht.<\/p>\n<p>Dass die gegenw\u00e4rtige Soziallage unserer Fl\u00fcchtlinge die Zukunft vieler europ\u00e4ischer Arbeiter und Angeh\u00f6riger des Mittelstandes sein k\u00f6nnte, liegt auf der Hand. Nicht wenige von ihnen leben bereits diese Zukunft.<\/p>\n<p>Die zentrale Frage eines jeden Fl\u00fcchtlings, der zu uns kommt, ist, ob er sich bei uns niederlassen und arbeiten darf. Sobald ein Fl\u00fcchtling arbeiten d\u00fcrfte, w\u00e4re er f\u00fcr sich und seine Familie verantwortlich. Dadurch w\u00fcrde er den Staat und seine Mitb\u00fcrger nicht belasten, sondern eher durch seine Steuerleistungen bereichern.<\/p>\n<p>Der Punkt ist, dass die jeweiligen Establishments der EU-L\u00e4nder sich eine derartige Bereicherung nicht w\u00fcnschen. Sie passt einfach in deren politisch-wirtschaftliches Programm nicht hinein.<\/p>\n<p>Wenn das nicht so w\u00e4re, dann w\u00fcrden die Fl\u00fcchtlinge von unseren EU-L\u00e4ndern, die ohnehin mit einem immer st\u00e4rker werdenden Facharbeitskraftmangel konfrontiert werden, eine fl\u00e4chendeckende juristische Asylberatung bekommen, um schneller durch die verschiedenen Instanzen des Asylverfahrens durchzumarschieren und ihren Asylstatus kl\u00e4ren zu k\u00f6nnen.<\/p>\n<p>Alle negativen Asylbescheide aus erster Instanz in \u00d6sterreich landen nach einer Beschwerde des Asylwerbers beim Bundesverwaltungsgericht in Wien. Mit Beschwerden sind jene Situationen gemeint, wo Asylwerber eine Wiederholung des erstinstanzlichen Verfahrens verlangen. Im vergangenen Jahr waren es fast 20.000 an der Zahl. In knapp 8.000 F\u00e4llen gab das Bundesverwaltungsgericht den Beschwerdef\u00fchrern Recht. In allen diesen F\u00e4llen wird die Asylbeh\u00f6rde neu ermitteln und entscheiden m\u00fcssen. Es kann sein, dass sich die Beh\u00f6rde rechtlich vertan hat und irgendeine Rechtsfrage anders gel\u00f6st hat, als sie zu l\u00f6sen gewesen w\u00e4re. Es kann auch sein, dass von Asylwerbern beklagt wird, dass gewisse Fluchtgr\u00fcnde nicht hinreichend gew\u00fcrdigt worden sind. Oder dass der Beschwerdef\u00fchrer meint, er sei glaubw\u00fcrdig, w\u00e4hrend die Beh\u00f6rde gemeint hatte, er sei dies nicht. Das verursacht enorme Kosten, die die Republik \u00d6sterreich, beziehungsweise die Steuerzahler zu tragen haben.<\/p>\n<p>Internationale Studien zeigen, dass die Beschwerderate signifikant sinkt, wenn Asylwerber rechtszeitig, also vor dem Asylverfahren, Asyl-Rechtsberatung bekommen.<\/p>\n<p>Derzeit k\u00f6nnen Fl\u00fcchtlinge auf eine staatliche Asylrechtsberatung, zum Beispiel in den Regionaldirektionen des Bundesamtes f\u00fcr Fremdenwesen und Asyl zur\u00fcckgreifen. Das ist jedoch mit enormen Wartezeiten und nicht ausreichend langen Terminen verbunden und vor allem nicht fl\u00e4chendeckend vorhanden.<\/p>\n<p>Wer keinen Anwalt zahlen kann und das k\u00f6nnen nur wenige, muss auf Unterst\u00fctzung von NGO-s hoffen. Die meisten Asylwerber begegnen den Asylbeh\u00f6rden und deren Beamten ahnungslos \u00fcber unser Rechtssystem und unsere Fl\u00fcchtlingspolitik.<\/p>\n<p>Zur Zeit warten Asylwerber bis zu zwei Jahre und l\u00e4nger auf das erstinstanzliche Hauptinterview \u2013 die M\u00f6glichkeit, dem Beamten der Asylbeh\u00f6rde ihre Fluchtgr\u00fcnde und Fluchtgeschichten mitteilen zu d\u00fcrfen. Die mehrj\u00e4hrige Wartezeit m\u00fcssen sie mit dem vom Staat vorgesehenen Taschengeld durchstehen. \u201eZum Sterben zu viel und zum Leben zu wenig\u201c, meinen Fl\u00fcchtlinge.<\/p>\n<p>Unsere Politiker schaffen es, die Fl\u00fcchtlingsfrage zu einem Konflikt zwischen Fl\u00fcchtlingen auf der einen und den Asylbeh\u00f6rden, deren Beamten und der sozialgeschw\u00e4chten Bev\u00f6lkerung auf der anderen Seite, darzustellen, um sich der eigenen Verantwortung zu entziehen.<\/p>\n<p>Das \u201eFl\u00fcchtlingsproblem\u201c haben Politiker und ihre Politik erzeugt. Sie m\u00fcssten und k\u00f6nnten es auch aus der Welt schaffen und nicht etwa die Zivilgesellschaft.<\/p>\n<div id=\"u_0_x\" class=\"_43f9\"><a role=\"button\" href=\"https:\/\/www.facebook.com\/permalink.php?story_fbid=195117481024188&amp;id=100015778122457#\">\u00dcbersetzung anzeigen<\/a><\/div>\n<\/div>\n<div class=\"_3x-2\">\n<div data-ft=\"{&quot;tn&quot;:&quot;H&quot;}\">\n<div class=\"mtm\">\n<div id=\"u_0_s\" class=\"_6m2 _1zpr clearfix _dcs _4_w4 _5cwb\" data-ft=\"{&quot;tn&quot;:&quot;H&quot;}\">\n<div class=\"clearfix _2r3x\">\n<div class=\"lfloat _ohe\">\n<div class=\"_6ks\" data-ft=\"{&quot;tn&quot;:&quot;F&quot;}\">\n<div id=\"u_0_u\">\n<div class=\"uiScaledImageContainer _6m5 fbStoryAttachmentImage\"><img loading=\"lazy\" decoding=\"async\" class=\"scaledImageFitWidth img\" src=\"https:\/\/external-frx5-1.xx.fbcdn.net\/safe_image.php?d=AQC95uCKpO6NzDsN&amp;w=160&amp;h=160&amp;url=https%3A%2F%2Fi.ytimg.com%2Fvi%2F0Ds6ZbsVAZ8%2Fmaxresdefault.jpg&amp;cfs=1&amp;upscale=1&amp;sx=52&amp;sy=0&amp;sw=720&amp;sh=720&amp;_nc_hash=AQC4TpwDEyHdVMmm\" alt=\"\" width=\"158\" height=\"158\" \/><\/div>\n<\/div>\n<\/div>\n<\/div>\n<div class=\"_42ef\">\n<div class=\"_3ekx _29_4\" data-ft=\"{&quot;tn&quot;:&quot;*J&quot;}\">\n<div class=\"_6m3 _--6\">\n<div class=\"mbs _6m6 _2cnj _5s6c\"><a href=\"https:\/\/www.youtube.com\/attribution_link?a=9Uedzh0ERrw&amp;u=%2Fwatch%3Fv%3D0Ds6ZbsVAZ8%26feature%3Dplayer_embedded\" target=\"_blank\" rel=\"nofollow noopener\">Asylrechtsberatung &#8211; ORF Zoran Dobri\u0107<\/a><\/div>\n<div class=\"_6m7 _3bt9\">\u201eSie schlugen uns mit Reifenschl\u00fcssel, mit F\u00e4usten und Fu\u00dftritten auf die K\u00f6pfe. Sie beschimpften uns als \u201edreckige Afghanen\u201c und nahmen uns alles was wir ha&#8230;<\/div>\n<div class=\"_59tj _2iau\">\n<div class=\"_6lz _6mb ellipsis\">YOUTUBE.COM<\/div>\n<div><\/div>\n<\/div>\n<\/div>\n<\/div>\n<\/div>\n<\/div>\n<\/div>\n<\/div>\n<\/div>\n<\/div>\n","protected":false},"excerpt":{"rendered":"<p>W\u00e4hrend unsere Politiker, deren W\u00e4hler, unsere Medien und deren Konsumenten \u00fcber die Verteilung von Fl\u00fcchtlingen in den EU-L\u00e4ndern diskutieren und den \u201enicht finanzierbaren\u201c Alltag der vielen Asylwerber in den Mittelpunkt stellen, geht es eigentlich um etwas ganz anderes. Es geht um die Frage: Gew\u00e4hren wir den Fl\u00fcchtlingen Asyl oder gew\u00e4hren wir ihnen kein Asyl. Hier [&hellip;]<\/p>\n","protected":false},"author":2,"featured_media":0,"comment_status":"closed","ping_status":"closed","sticky":false,"template":"","format":"standard","meta":{"_jetpack_memberships_contains_paid_content":false,"footnotes":""},"categories":[19],"tags":[],"class_list":["post-1387","post","type-post","status-publish","format-standard","hentry","category-religion"],"jetpack_featured_media_url":"","jetpack_sharing_enabled":true,"_links":{"self":[{"href":"http:\/\/ichkeria.at\/index.php?rest_route=\/wp\/v2\/posts\/1387","targetHints":{"allow":["GET"]}}],"collection":[{"href":"http:\/\/ichkeria.at\/index.php?rest_route=\/wp\/v2\/posts"}],"about":[{"href":"http:\/\/ichkeria.at\/index.php?rest_route=\/wp\/v2\/types\/post"}],"author":[{"embeddable":true,"href":"http:\/\/ichkeria.at\/index.php?rest_route=\/wp\/v2\/users\/2"}],"replies":[{"embeddable":true,"href":"http:\/\/ichkeria.at\/index.php?rest_route=%2Fwp%2Fv2%2Fcomments&post=1387"}],"version-history":[{"count":1,"href":"http:\/\/ichkeria.at\/index.php?rest_route=\/wp\/v2\/posts\/1387\/revisions"}],"predecessor-version":[{"id":1389,"href":"http:\/\/ichkeria.at\/index.php?rest_route=\/wp\/v2\/posts\/1387\/revisions\/1389"}],"wp:attachment":[{"href":"http:\/\/ichkeria.at\/index.php?rest_route=%2Fwp%2Fv2%2Fmedia&parent=1387"}],"wp:term":[{"taxonomy":"category","embeddable":true,"href":"http:\/\/ichkeria.at\/index.php?rest_route=%2Fwp%2Fv2%2Fcategories&post=1387"},{"taxonomy":"post_tag","embeddable":true,"href":"http:\/\/ichkeria.at\/index.php?rest_route=%2Fwp%2Fv2%2Ftags&post=1387"}],"curies":[{"name":"wp","href":"https:\/\/api.w.org\/{rel}","templated":true}]}}