{"id":1411,"date":"2017-08-04T00:52:23","date_gmt":"2017-08-03T22:52:23","guid":{"rendered":"http:\/\/ichkeria.at\/?p=1411"},"modified":"2017-08-04T12:42:27","modified_gmt":"2017-08-04T10:42:27","slug":"noe-rekrut-19-stirbt-nach-stationsmarsch","status":"publish","type":"post","link":"http:\/\/ichkeria.at\/?p=1411&lang=de","title":{"rendered":"N\u00d6: Rekrut (19) stirbt nach Stationsmarsch"},"content":{"rendered":"<p><strong><img loading=\"lazy\" decoding=\"async\" class=\"size-medium wp-image-1414 alignleft\" src=\"http:\/\/ichkeria.at\/wp-content\/uploads\/2017\/08\/topelement-300x147.jpg\" alt=\"\" width=\"300\" height=\"147\" srcset=\"http:\/\/ichkeria.at\/wp-content\/uploads\/2017\/08\/topelement-300x147.jpg 300w, http:\/\/ichkeria.at\/wp-content\/uploads\/2017\/08\/topelement-480x234.jpg 480w, http:\/\/ichkeria.at\/wp-content\/uploads\/2017\/08\/topelement.jpg 600w\" sizes=\"auto, (max-width: 300px) 100vw, 300px\" \/>Nach einem Stationsmarsch ist Mittwochnachmittag ein\u00a0<span class=\"ws_nw\">19-<\/span>j\u00e4hriger Rekrut in Horn im Krankenhaus gestorben. Der junge Mann hatte w\u00e4hrend der Ausbildung am Garnisons\u00fcbungsplatz der nieder\u00f6sterreichischen Kaserne \u00fcber Schwindel geklagt. Laut dem behandelnden Arzt besteht der Verdacht einer bakteriellen Infektion. Das Bundesheer setzte eine Unfallkommission zur genauen Untersuchung des Vorfalles ein.<\/strong><\/p>\n<p><span class=\"initial_letter s_res c_fg\">D<\/span>er Kommandant habe, hie\u00df seitens des Verteidigungsministeriums, sofort Erstma\u00dfnahmen eingeleitet. Der junge Mann\u00a0<span class=\"ws_nw\">&#8211;<\/span>\u00a0er stand im ersten Ausbildungsmonat\u00a0<span class=\"ws_nw\">&#8211;<\/span>\u00a0wurde in die Kaserne gefahren, verlor aber am Weg das Bewusstsein.<\/p>\n<p>Nach Eintreffen des bereits verst\u00e4ndigten Notarztes wurde er in das Krankenhaus eingeliefert. Trotz aller Rettungsma\u00dfnahmen starb der Soldat, der laut Informationen aus dem Verteidigungsministerium Tauglichkeitsstufe 8 (von insgesamt 9) hatte, am fr\u00fchen Abend. Das Bundesheer bekundete den Hinterbliebenen seine aufrichtige Teilnahme.<\/p>\n<div class=\"c_inread_ad\">\u00a0<span class=\"ws_nw\">Breitband-<\/span>Antibiotika f\u00fcr Rekruten und Ausbildner<\/div>\n<p>Prophylaktisch werden nun insgesamt 210 Personen (Rekruten, Ausbildner und Kasernenpersonal) mit\u00a0<span class=\"ws_nw\">Breitband-<\/span>Antibiotika behandelt. Um welche Infektion es sich handelt, ist noch unklar.<\/p>\n<p>&nbsp;<\/p>\n<p>http:\/\/www.krone.at<\/p>\n","protected":false},"excerpt":{"rendered":"<p>Nach einem Stationsmarsch ist Mittwochnachmittag ein\u00a019-j\u00e4hriger Rekrut in Horn im Krankenhaus gestorben. Der junge Mann hatte w\u00e4hrend der Ausbildung am Garnisons\u00fcbungsplatz der nieder\u00f6sterreichischen Kaserne \u00fcber Schwindel geklagt. Laut dem behandelnden Arzt besteht der Verdacht einer bakteriellen Infektion. Das Bundesheer setzte eine Unfallkommission zur genauen Untersuchung des Vorfalles ein. Der Kommandant habe, hie\u00df seitens des Verteidigungsministeriums, [&hellip;]<\/p>\n","protected":false},"author":2,"featured_media":0,"comment_status":"closed","ping_status":"closed","sticky":false,"template":"","format":"standard","meta":{"_jetpack_memberships_contains_paid_content":false,"footnotes":""},"categories":[19],"tags":[],"class_list":["post-1411","post","type-post","status-publish","format-standard","hentry","category-religion"],"jetpack_featured_media_url":"","jetpack_sharing_enabled":true,"_links":{"self":[{"href":"http:\/\/ichkeria.at\/index.php?rest_route=\/wp\/v2\/posts\/1411","targetHints":{"allow":["GET"]}}],"collection":[{"href":"http:\/\/ichkeria.at\/index.php?rest_route=\/wp\/v2\/posts"}],"about":[{"href":"http:\/\/ichkeria.at\/index.php?rest_route=\/wp\/v2\/types\/post"}],"author":[{"embeddable":true,"href":"http:\/\/ichkeria.at\/index.php?rest_route=\/wp\/v2\/users\/2"}],"replies":[{"embeddable":true,"href":"http:\/\/ichkeria.at\/index.php?rest_route=%2Fwp%2Fv2%2Fcomments&post=1411"}],"version-history":[{"count":2,"href":"http:\/\/ichkeria.at\/index.php?rest_route=\/wp\/v2\/posts\/1411\/revisions"}],"predecessor-version":[{"id":1415,"href":"http:\/\/ichkeria.at\/index.php?rest_route=\/wp\/v2\/posts\/1411\/revisions\/1415"}],"wp:attachment":[{"href":"http:\/\/ichkeria.at\/index.php?rest_route=%2Fwp%2Fv2%2Fmedia&parent=1411"}],"wp:term":[{"taxonomy":"category","embeddable":true,"href":"http:\/\/ichkeria.at\/index.php?rest_route=%2Fwp%2Fv2%2Fcategories&post=1411"},{"taxonomy":"post_tag","embeddable":true,"href":"http:\/\/ichkeria.at\/index.php?rest_route=%2Fwp%2Fv2%2Ftags&post=1411"}],"curies":[{"name":"wp","href":"https:\/\/api.w.org\/{rel}","templated":true}]}}