{"id":1428,"date":"2017-08-04T13:23:30","date_gmt":"2017-08-04T11:23:30","guid":{"rendered":"http:\/\/ichkeria.at\/?p=1428"},"modified":"2017-08-04T13:23:30","modified_gmt":"2017-08-04T11:23:30","slug":"neunjaehrigen-sohn-getoetet-mutter-eingewiesen","status":"publish","type":"post","link":"http:\/\/ichkeria.at\/?p=1428&lang=de","title":{"rendered":"Neunj\u00e4hrigen Sohn get\u00f6tet: Mutter eingewiesen"},"content":{"rendered":"<figure id=\"attachment_1429\" aria-describedby=\"caption-attachment-1429\" style=\"width: 300px\" class=\"wp-caption alignleft\"><img loading=\"lazy\" decoding=\"async\" class=\"size-medium wp-image-1429\" src=\"http:\/\/ichkeria.at\/wp-content\/uploads\/2017\/08\/Neunjaehrigen-Sohn-getoetet-Mutter-eingewiesen-Drama-am-Attersee-300x170.jpg\" alt=\"\" width=\"300\" height=\"170\" srcset=\"http:\/\/ichkeria.at\/wp-content\/uploads\/2017\/08\/Neunjaehrigen-Sohn-getoetet-Mutter-eingewiesen-Drama-am-Attersee-300x170.jpg 300w, http:\/\/ichkeria.at\/wp-content\/uploads\/2017\/08\/Neunjaehrigen-Sohn-getoetet-Mutter-eingewiesen-Drama-am-Attersee-480x271.jpg 480w, http:\/\/ichkeria.at\/wp-content\/uploads\/2017\/08\/Neunjaehrigen-Sohn-getoetet-Mutter-eingewiesen-Drama-am-Attersee.jpg 630w\" sizes=\"auto, (max-width: 300px) 100vw, 300px\" \/><figcaption id=\"caption-attachment-1429\" class=\"wp-caption-text\">\u00a0FOTO: APA\/FOTOKERSCHI.AT\/WERNER KERSCHBAUMMAYR<\/figcaption><\/figure>\n<h4 class=\"schmuckfarbe1 link_vorleger s_res c_brdr\">Drama am Attersee.<\/h4>\n<h4>Jene\u00a0<span class=\"ws_nw\">39-<\/span>j\u00e4hrige Lehrerin, die im Februar in Ober\u00f6sterreich ihren neunj\u00e4hrigen Sohn get\u00f6tet hat, ist am Mittwoch von einem Geschworenengericht in Wels in eine Anstalt f\u00fcr geistig abnorme Rechtsbrecher eingewiesen worden. Das Urteil wurde einstimmig gef\u00e4llt und ist bereits rechtskr\u00e4ftig.<\/h4>\n<p><span class=\"initial_letter s_res c_fg\">I<\/span>n den fr\u00fchen Morgenstunden des 18. Februar hatte die Frau in ihrem Haus in Nu\u00dfdorf am Attersee (Bezirk V\u00f6cklabruck) den Buben im Kinderzimmer zun\u00e4chst gew\u00fcrgt. Als er danach noch lebte, schnitt sie ihm die Pulsadern auf, woraufhin er verblutete.\u00a0<a class=\"sto_a\" title=\"Danach habe sie Prosecco und Wein getrunken und \u00fcberlegt, wie sie sich selbst das Leben nehmen k\u00f6nne, hatte sie gegen\u00fcber der Polizei gesagt.\" href=\"http:\/\/www.krone.at\/oesterreich\/mord-an-sohn-mutter-wirkt-im-verhoer-gelassen-u-haft-verhaengt-story-555242\">Danach habe sie Prosecco und Wein getrunken und \u00fcberlegt, wie sie sich selbst das Leben nehmen k\u00f6nne, hatte sie gegen\u00fcber der Polizei gesagt.<\/a><span class=\"sto_as\">\u00a0<\/span><\/p>\n<p>Zwei Versuche scheiterten. Zwischendurch h\u00e4ngte sie noch einen Abschiedsbrief an die Terrassent\u00fcre, der von au\u00dfen sichtbar war. Ihre nebenan wohnende Mutter entdeckte den Brief einige Zeit sp\u00e4ter und fand im Haus ihre blutende Tochter sowie den toten Enkel.<\/p>\n<div class=\"c_inread_ad\"><\/div>\n<div class=\"c_content_pics  c_desc_credit kmm_plugin\">\n<div class=\"pos_rel hxcms_cp_slide_content \">\n<div class=\"pos_rel hxcms_slide_content_inner\"><a class=\"fancybox\" title=\" (Bild: fotokerschi.at\/Werner Kerschbaummayr)\" href=\"http:\/\/imgl.krone.at\/Bilder_skaliert\/2017\/02\/19\/00be2b540feec53fcf43d5b8ad18192e__i-_kmm_eco-grafik_grafiken_online_grafiken_2017_02_atterseedrama_1-s126_1504119_1164.jpg\"><img loading=\"lazy\" decoding=\"async\" class=\"float_l alignleft\" title=\"Neunj\u00e4hrigen Sohn get\u00f6tet: Mutter eingewiesen (Bild: fotokerschi.at\/Werner Kerschbaummayr)\" src=\"http:\/\/imgl.krone.at\/Bilder\/2017\/02\/19\/00be2b540feec53fcf43d5b8ad18192e__i-_kmm_eco-grafik_grafiken_online_grafiken_2017_02_atterseedrama_1-s126.jpg\" alt=\"Neunj\u00e4hrigen Sohn get\u00f6tet: Mutter eingewiesen (Bild: fotokerschi.at\/Werner Kerschbaummayr)\" width=\"630\" height=\"356\" \/><\/a><\/div>\n<\/div>\n<div id=\"kmm_cp_slideshow_0_0_media_details\" class=\"media_details\">\n<div class=\"c_credits\">Foto: fotokerschi.at\/Werner Kerschbaummayr<\/div>\n<\/div>\n<\/div>\n<p><strong>Medikamente eigenm\u00e4chtig abgesetzt<\/strong><br \/>\nDie ehemalige Lehrerin leidet seit etwa 2014 an paranoider Schizophrenie. Zuvor waren ihre Lebensumst\u00e4nde solide, die Krankheit sei aber eine Z\u00e4sur gewesen, so die psychiatrische Gutachterin Adelheid Kastner. Die Frau sei mehrmals\u00a0<span class=\"ws_nw\">&#8211;<\/span>\u00a0auch auf Initiative der Mutter, die sich sehr um sie k\u00fcmmerte\u00a0<span class=\"ws_nw\">&#8211;<\/span>\u00a0in Therapie gewesen, habe aber wenig Krankheitseinsicht gezeigt und die Medikamente immer wieder eigenm\u00e4chtig abgesetzt, weil sie zu Gewichtszunahme f\u00fchrten.<\/p>\n<p>Wie lange es dauern werde, bis von der Patientin keine Gefahr mehr ausgehe, sei schwer abzusch\u00e4tzen, zwei bis drei Jahre seien aber ein realistischer Zeithorizont, so Kastner. Sie erkl\u00e4rte, dass man die Krankheit nur mit Medikamenten in Schach halten k\u00f6nne. Die Gutachterin attestierte der Frau Zurechnungsunf\u00e4higkeit.<\/p>\n<h3>&#8222;Furchtbare Trag\u00f6die&#8220;<\/h3>\n<p>Der Verteidiger sprach von einer &#8222;furchtbaren Trag\u00f6die&#8220;. Seine Mandantin habe sich f\u00fcr die Krankheit gesch\u00e4mt. Die Frau hatte im Ermittlungsverfahren als Tatmotiv angegeben, sie und ihr Sohn seien dadurch gesellschaftlich immer mehr in Isolation geraten, der Bub sei zu keinen Geburtstagsfeiern mehr eingeladen worden\u00a0<span class=\"ws_nw\">&#8211;<\/span>\u00a0und daf\u00fcr habe sie sich schuldig gef\u00fchlt. Ihre Angaben w\u00fcrden klar wie nur selten in solchen F\u00e4llen mit den kriminaltechnischen Ermittlungen \u00fcbereinstimmen, sagte Staatsanwalt Christoph Weber.<\/p>\n<p>&nbsp;<\/p>\n<p>http:\/\/www.krone.at\/oesterreich\/neunjaehrigen-sohn-getoetet-mutter-eingewiesen-drama-am-attersee-story-581590<\/p>\n<p>&nbsp;<\/p>\n<p>&nbsp;<\/p>\n","protected":false},"excerpt":{"rendered":"<p>Drama am Attersee. Jene\u00a039-j\u00e4hrige Lehrerin, die im Februar in Ober\u00f6sterreich ihren neunj\u00e4hrigen Sohn get\u00f6tet hat, ist am Mittwoch von einem Geschworenengericht in Wels in eine Anstalt f\u00fcr geistig abnorme Rechtsbrecher eingewiesen worden. Das Urteil wurde einstimmig gef\u00e4llt und ist bereits rechtskr\u00e4ftig. In den fr\u00fchen Morgenstunden des 18. Februar hatte die Frau in ihrem Haus in [&hellip;]<\/p>\n","protected":false},"author":2,"featured_media":0,"comment_status":"closed","ping_status":"closed","sticky":false,"template":"","format":"standard","meta":{"_jetpack_memberships_contains_paid_content":false,"footnotes":""},"categories":[19],"tags":[],"class_list":["post-1428","post","type-post","status-publish","format-standard","hentry","category-religion"],"jetpack_featured_media_url":"","jetpack_sharing_enabled":true,"_links":{"self":[{"href":"http:\/\/ichkeria.at\/index.php?rest_route=\/wp\/v2\/posts\/1428","targetHints":{"allow":["GET"]}}],"collection":[{"href":"http:\/\/ichkeria.at\/index.php?rest_route=\/wp\/v2\/posts"}],"about":[{"href":"http:\/\/ichkeria.at\/index.php?rest_route=\/wp\/v2\/types\/post"}],"author":[{"embeddable":true,"href":"http:\/\/ichkeria.at\/index.php?rest_route=\/wp\/v2\/users\/2"}],"replies":[{"embeddable":true,"href":"http:\/\/ichkeria.at\/index.php?rest_route=%2Fwp%2Fv2%2Fcomments&post=1428"}],"version-history":[{"count":1,"href":"http:\/\/ichkeria.at\/index.php?rest_route=\/wp\/v2\/posts\/1428\/revisions"}],"predecessor-version":[{"id":1430,"href":"http:\/\/ichkeria.at\/index.php?rest_route=\/wp\/v2\/posts\/1428\/revisions\/1430"}],"wp:attachment":[{"href":"http:\/\/ichkeria.at\/index.php?rest_route=%2Fwp%2Fv2%2Fmedia&parent=1428"}],"wp:term":[{"taxonomy":"category","embeddable":true,"href":"http:\/\/ichkeria.at\/index.php?rest_route=%2Fwp%2Fv2%2Fcategories&post=1428"},{"taxonomy":"post_tag","embeddable":true,"href":"http:\/\/ichkeria.at\/index.php?rest_route=%2Fwp%2Fv2%2Ftags&post=1428"}],"curies":[{"name":"wp","href":"https:\/\/api.w.org\/{rel}","templated":true}]}}