{"id":1474,"date":"2017-08-07T00:26:42","date_gmt":"2017-08-06T22:26:42","guid":{"rendered":"http:\/\/ichkeria.at\/?p=1474"},"modified":"2017-08-07T14:23:39","modified_gmt":"2017-08-07T12:23:39","slug":"der-6-august-ist-einer-der-wichtigsten-siegreichen-tage-in-der-neuen-tschetschenischen-geschichte","status":"publish","type":"post","link":"http:\/\/ichkeria.at\/?p=1474&lang=de","title":{"rendered":"Der 6.August ist einer der wichtigsten siegreichen Tage in der neuen  tschetschenischen Geschichte."},"content":{"rendered":"<p><strong><img loading=\"lazy\" decoding=\"async\" class=\"size-medium wp-image-1479 alignleft\" src=\"http:\/\/ichkeria.at\/wp-content\/uploads\/2017\/08\/\u043c\u0435\u0440\u043e\u043f\u0440\u0438\u044f\u0442\u0438\u0435-300x169.jpg\" alt=\"\" width=\"300\" height=\"169\" \/>Der 6.August ist einer der wichtigsten siegreichen Tage in der neuen\u00a0 tschetschenischen Geschichte.<\/strong><\/p>\n<p>Das tschetschenische Kulturverein ICHKERIA organisierte eine Veranstaltung f\u00fcr den 6. August. Die tschetschenischen Landsleute und Freunde hatten sich heute versammelt, um die gefallenen Soldaten zu ehren, die schwer versucht haben ihr Land zur\u00fcckzuerobern. Es wurde ein sehr umfangreiches und tolles Programm auf die Beine gestellt, bei der unter anderem auch unsere \u00f6sterreichischen und syrischen Freunde ihr Wort dazu beigetragen haben. Die jungen Tschetscheninnen er\u00f6ffneten nach unserem erfolgreichen Programm ein gro\u00dfes Buffet mit den verschiedensten K\u00f6stlichkeiten und somit lie\u00dfen wir den Abend mit unserer Volksmusik ausklingen.<\/p>\n<p>Der 6.August ist einer der wichtigsten siegreichen Tage in der neuen\u00a0 tschetschenischen Geschichte. General Aslan Maskhadov plante eine milit\u00e4rische Operation gegen die russische Armee. Das Ziel war es die Hauptstadt Grosny zur\u00fcck zu erobern.<\/p>\n<p>Am 6.August 1996 gab General Maskhadov die Operation zur Befreiung Grosnys frei. Um 5 Uhr morgens machten sich 850 tschetschenische K\u00e4mpfer auf dem Weg. Anstatt zu versuchen, alle einzelnen befestigten Kontrollpunkte, Kasernen, Polizeistationen und andere russische Positionen zu erfassen oder zu zerst\u00f6ren, haben die K\u00e4mpfer die meisten von ihnen abgeschnitten und isoliert, die Ans\u00e4tze zur Vermeidung von Flucht oder Verst\u00e4rkungen abgebaut und auf die Regierung gewartet bis sich die Truppen ergeben.<\/p>\n<p>Nach der R\u00fcckkehr nach Tschetschenien am 20. August erstellte Lebed einen neuen Waffenstillstand und er\u00f6ffnete direkte Gespr\u00e4che mit den F\u00fchrern der Freiheitsk\u00e4mpfer, unterst\u00fctzt von der Organisation f\u00fcr Sicherheit und Kooperation in Europa (OSZE). Am 22. August stimmte Russland zu, alle Kr\u00e4fte in Tschetschenien auf ihre Basen in Khankala und Severny zur\u00fcckzuziehen. Am 30. August 1996 unterzeichneten Gener\u00e4le Lebed und Maskhadov das Khasav-Yurt-Abkommen, eine Vereinbarung, die das Ende des ersten tschetschenischen Krieges markierte.<\/p>\n<p>&nbsp;<\/p>\n<figure id=\"attachment_1496\" aria-describedby=\"caption-attachment-1496\" style=\"width: 493px\" class=\"wp-caption alignnone\"><img loading=\"lazy\" decoding=\"async\" class=\"wp-image-1496\" src=\"http:\/\/ichkeria.at\/wp-content\/uploads\/2017\/08\/IMG_8055-300x225.jpg\" alt=\"\" width=\"493\" height=\"370\" \/><figcaption id=\"caption-attachment-1496\" class=\"wp-caption-text\">Die K\u00fcnstler, Kazbek \u00c4rsno und Saidachmed Iskhanov, stellten ihre Kunstwerke f\u00fcr die Ausstellung zur Verf\u00fcgung.<\/figcaption><\/figure>\n<p>&nbsp;<\/p>\n<figure id=\"attachment_1493\" aria-describedby=\"caption-attachment-1493\" style=\"width: 487px\" class=\"wp-caption alignnone\"><img loading=\"lazy\" decoding=\"async\" class=\"wp-image-1493\" src=\"http:\/\/ichkeria.at\/wp-content\/uploads\/2017\/08\/IMG_8001-300x225.jpg\" alt=\"\" width=\"487\" height=\"366\" \/><figcaption id=\"caption-attachment-1493\" class=\"wp-caption-text\">Die letzten Schritte zur Anmoderation wurden besprochen.<\/figcaption><\/figure>\n<p>&nbsp;<\/p>\n<figure id=\"attachment_1476\" aria-describedby=\"caption-attachment-1476\" style=\"width: 488px\" class=\"wp-caption alignnone\"><img loading=\"lazy\" decoding=\"async\" class=\"wp-image-1476\" src=\"http:\/\/ichkeria.at\/wp-content\/uploads\/2017\/08\/\u043c\u0435\u0440\u043e\u043f\u0440\u0438\u044f\u0442\u0438\u0435-1-300x225.jpg\" alt=\"\" width=\"488\" height=\"366\" \/><figcaption id=\"caption-attachment-1476\" class=\"wp-caption-text\">Die Kinder versammelten sich nach vorne, f\u00fcr die Nationalhymne.<\/figcaption><\/figure>\n<p>&nbsp;<\/p>\n<p>&nbsp;<\/p>\n<figure id=\"attachment_1488\" aria-describedby=\"caption-attachment-1488\" style=\"width: 492px\" class=\"wp-caption alignnone\"><img loading=\"lazy\" decoding=\"async\" class=\"wp-image-1488 \" src=\"http:\/\/ichkeria.at\/wp-content\/uploads\/2017\/08\/\u043c\u0435\u0440\u043e\u043f\u0440\u0438\u044f\u0442\u0438\u0435-7-300x225.jpg\" alt=\"\" width=\"492\" height=\"369\" \/><figcaption id=\"caption-attachment-1488\" class=\"wp-caption-text\">Ersch\u00fctternde Bilder, die an die Kriege erinnern sollen.<\/figcaption><\/figure>\n<figure id=\"attachment_1478\" aria-describedby=\"caption-attachment-1478\" style=\"width: 225px\" class=\"wp-caption alignnone\"><img loading=\"lazy\" decoding=\"async\" class=\"wp-image-1478 size-medium\" src=\"http:\/\/ichkeria.at\/wp-content\/uploads\/2017\/08\/\u043c\u0435\u0440\u043e\u043f\u0440\u0438\u044f\u0442\u0438\u0435-3-225x300.jpg\" alt=\"\" width=\"225\" height=\"300\" srcset=\"http:\/\/ichkeria.at\/wp-content\/uploads\/2017\/08\/\u043c\u0435\u0440\u043e\u043f\u0440\u0438\u044f\u0442\u0438\u0435-3-225x300.jpg 225w, http:\/\/ichkeria.at\/wp-content\/uploads\/2017\/08\/\u043c\u0435\u0440\u043e\u043f\u0440\u0438\u044f\u0442\u0438\u0435-3-480x640.jpg 480w, http:\/\/ichkeria.at\/wp-content\/uploads\/2017\/08\/\u043c\u0435\u0440\u043e\u043f\u0440\u0438\u044f\u0442\u0438\u0435-3-375x500.jpg 375w, http:\/\/ichkeria.at\/wp-content\/uploads\/2017\/08\/\u043c\u0435\u0440\u043e\u043f\u0440\u0438\u044f\u0442\u0438\u0435-3.jpg 720w\" sizes=\"auto, (max-width: 225px) 100vw, 225px\" \/><figcaption id=\"caption-attachment-1478\" class=\"wp-caption-text\">Tschetschenische Kinder in der Volkstracht.<\/figcaption><\/figure>\n<p>&nbsp;<\/p>\n<figure id=\"attachment_1484\" aria-describedby=\"caption-attachment-1484\" style=\"width: 493px\" class=\"wp-caption alignnone\"><img loading=\"lazy\" decoding=\"async\" class=\"wp-image-1484\" src=\"http:\/\/ichkeria.at\/wp-content\/uploads\/2017\/08\/\u043c\u0435\u0440\u043e\u043f\u0440\u0438\u044f\u0442\u0438\u04355-300x225.jpg\" alt=\"\" width=\"493\" height=\"370\" \/><figcaption id=\"caption-attachment-1484\" class=\"wp-caption-text\">Obmann des tschetschenischen Kulturvereins ICHKERIA mit Kindern.<\/figcaption><\/figure>\n<p>Khava Iskhanova<\/p>\n","protected":false},"excerpt":{"rendered":"<p>Der 6.August ist einer der wichtigsten siegreichen Tage in der neuen\u00a0 tschetschenischen Geschichte. Das tschetschenische Kulturverein ICHKERIA organisierte eine Veranstaltung f\u00fcr den 6. August. Die tschetschenischen Landsleute und Freunde hatten sich heute versammelt, um die gefallenen Soldaten zu ehren, die schwer versucht haben ihr Land zur\u00fcckzuerobern. Es wurde ein sehr umfangreiches und tolles Programm auf [&hellip;]<\/p>\n","protected":false},"author":2,"featured_media":0,"comment_status":"closed","ping_status":"closed","sticky":false,"template":"","format":"standard","meta":{"_jetpack_memberships_contains_paid_content":false,"footnotes":""},"categories":[19],"tags":[],"class_list":["post-1474","post","type-post","status-publish","format-standard","hentry","category-religion"],"jetpack_featured_media_url":"","jetpack_sharing_enabled":true,"_links":{"self":[{"href":"http:\/\/ichkeria.at\/index.php?rest_route=\/wp\/v2\/posts\/1474","targetHints":{"allow":["GET"]}}],"collection":[{"href":"http:\/\/ichkeria.at\/index.php?rest_route=\/wp\/v2\/posts"}],"about":[{"href":"http:\/\/ichkeria.at\/index.php?rest_route=\/wp\/v2\/types\/post"}],"author":[{"embeddable":true,"href":"http:\/\/ichkeria.at\/index.php?rest_route=\/wp\/v2\/users\/2"}],"replies":[{"embeddable":true,"href":"http:\/\/ichkeria.at\/index.php?rest_route=%2Fwp%2Fv2%2Fcomments&post=1474"}],"version-history":[{"count":8,"href":"http:\/\/ichkeria.at\/index.php?rest_route=\/wp\/v2\/posts\/1474\/revisions"}],"predecessor-version":[{"id":1499,"href":"http:\/\/ichkeria.at\/index.php?rest_route=\/wp\/v2\/posts\/1474\/revisions\/1499"}],"wp:attachment":[{"href":"http:\/\/ichkeria.at\/index.php?rest_route=%2Fwp%2Fv2%2Fmedia&parent=1474"}],"wp:term":[{"taxonomy":"category","embeddable":true,"href":"http:\/\/ichkeria.at\/index.php?rest_route=%2Fwp%2Fv2%2Fcategories&post=1474"},{"taxonomy":"post_tag","embeddable":true,"href":"http:\/\/ichkeria.at\/index.php?rest_route=%2Fwp%2Fv2%2Ftags&post=1474"}],"curies":[{"name":"wp","href":"https:\/\/api.w.org\/{rel}","templated":true}]}}