{"id":1539,"date":"2017-08-08T08:01:20","date_gmt":"2017-08-08T06:01:20","guid":{"rendered":"http:\/\/ichkeria.at\/?p=1539"},"modified":"2017-08-08T08:03:57","modified_gmt":"2017-08-08T06:03:57","slug":"hier-wird-das-deutsche-is-maedchen-linda-abgefuehrt","status":"publish","type":"post","link":"http:\/\/ichkeria.at\/?p=1539&lang=de","title":{"rendered":"Hier wird das deutsche IS-M\u00e4dchen Linda abgef\u00fchrt"},"content":{"rendered":"<figure id=\"attachment_1541\" aria-describedby=\"caption-attachment-1541\" style=\"width: 300px\" class=\"wp-caption alignleft\"><img loading=\"lazy\" decoding=\"async\" class=\"wp-image-1541 size-medium\" src=\"http:\/\/ichkeria.at\/wp-content\/uploads\/2017\/08\/is-braut-deutschland-300x170.jpg\" alt=\"\" width=\"300\" height=\"170\" srcset=\"http:\/\/ichkeria.at\/wp-content\/uploads\/2017\/08\/is-braut-deutschland-300x170.jpg 300w, http:\/\/ichkeria.at\/wp-content\/uploads\/2017\/08\/is-braut-deutschland-480x271.jpg 480w, http:\/\/ichkeria.at\/wp-content\/uploads\/2017\/08\/is-braut-deutschland.jpg 630w\" sizes=\"auto, (max-width: 300px) 100vw, 300px\" \/><figcaption id=\"caption-attachment-1541\" class=\"wp-caption-text\">Foto: facebook.com , krone.at-Grafik<\/figcaption><\/figure>\n<p><strong>Vor drei Wochen ist ein M\u00e4dchen aus Deutschland in der nordirakischen Stadt Mossul\u00a0<a class=\"sto_a\" title=\"von irakischen Soldaten aufgegriffen worden\" href=\"http:\/\/www.krone.at\/welt\/deutsche-is-braut-16-ich-will-nur-noch-weg-im-irak-gefasst-story-580088\">von irakischen Soldaten aufgegriffen worden<\/a><span class=\"sto_as\">\u00a0<\/span>. Der Verdacht liegt nahe, dass die\u00a0<span class=\"ws_nw\">16-<\/span>j\u00e4hrige Linda W. aus Sachsen Mitglied der dortigen\u00a0<span class=\"ws_nw\">Scharia-<\/span>Polizei der Terrormiliz Islamischer Staat war. Nun aufgetauchte Videoaufnahmen zeigen den verwahrlosten Teenager, wie er von Soldaten durch eine aufgebrachte Meute abgef\u00fchrt wird.<\/strong><\/p>\n<p><span class=\"initial_letter s_res c_fg\">B<\/span>ei seiner Festnahme ist das M\u00e4dchen am linken Oberschenkel angeschossen und auch am rechten Knie verletzt. Es schreit vor Schmerzen.<\/p>\n<h3>&#8222;Die Sch\u00f6ne von Mossul&#8220;<\/h3>\n<p>Als Linda W. vorgef\u00fchrt wird, nennen sie die Soldaten &#8222;Die Sch\u00f6ne von Mossul&#8220;. &#8222;Macht Platz, sie ist eine Christin, sie kann nicht mehr, sie hat Schmerzen, sie ist schwach. Sie ist blond und eine Deutsche! Macht Platz, lasst sie durch!&#8220;, h\u00f6rt man die Soldaten rufen.<\/p>\n<div class=\"c_inread_ad\"><\/div>\n<div class=\"c_content_pics c_desc_credit kmm_plugin\">\n<div class=\"pos_rel hxcms_cp_slide_content \">\n<div class=\"pos_rel hxcms_slide_content_inner\"><a class=\"fancybox\" title=\" (Bild: facebook.com)\" href=\"http:\/\/imgl.krone.at\/Bilder_original\/2017\/08\/07\/9cffabdacc65a153d2a30746a35b849f__mord2017_08_07_16h37m25s96_jpg.jpg\"><img loading=\"lazy\" decoding=\"async\" class=\"float_l\" title=\"Hier wird das deutsche IS-M\u00e4dchen Linda abgef\u00fchrt (Bild: facebook.com)\" src=\"http:\/\/imgl.krone.at\/Bilder\/2017\/08\/07\/9cffabdacc65a153d2a30746a35b849f__mord2017_08_07_16h37m25s96_jpg.jpg\" alt=\"Hier wird das deutsche IS-M\u00e4dchen Linda abgef\u00fchrt (Bild: facebook.com)\" width=\"630\" height=\"356\" \/><\/a><\/div>\n<\/div>\n<div id=\"kmm_cp_slideshow_0_1_media_details\" class=\"media_details\">\n<div class=\"c_credits\">Foto: facebook.com<\/div>\n<\/div>\n<\/div>\n<p>Danach wird der Teenager zur Krankenstation in einer Kaserne der irakischen Armee gebracht. Noch ist unklar, ob die bald\u00a0<span class=\"ws_nw\">17-<\/span>J\u00e4hrige tats\u00e4chlich f\u00fcr den IS gek\u00e4mpft hat. Vier weitere aufgegriffene M\u00e4dchen hatten teilweise Sprengstoff am K\u00f6rper oder automatische Waffen bei sich.<\/p>\n<div class=\"c_content_pics c_desc_credit kmm_plugin\">\n<div class=\"pos_rel hxcms_cp_slide_content \">\n<div class=\"pos_rel hxcms_slide_content_inner\"><a class=\"fancybox\" title=\" (Bild: facebook.com)\" href=\"http:\/\/imgl.krone.at\/Bilder_original\/2017\/08\/07\/a69403a08601b4561e5ef5d5a694a02d__20245847_142187783032428_4876664255161462142_n_jpg.jpg\"><img loading=\"lazy\" decoding=\"async\" class=\"float_l\" title=\"Hier wird das deutsche IS-M\u00e4dchen Linda abgef\u00fchrt (Bild: facebook.com)\" src=\"http:\/\/imgl.krone.at\/Bilder\/2017\/08\/07\/a69403a08601b4561e5ef5d5a694a02d__20245847_142187783032428_4876664255161462142_n_jpg.jpg\" alt=\"Hier wird das deutsche IS-M\u00e4dchen Linda abgef\u00fchrt (Bild: facebook.com)\" width=\"630\" height=\"356\" \/><\/a><\/div>\n<\/div>\n<div id=\"kmm_cp_slideshow_0_2_media_details\" class=\"media_details\">\n<div class=\"c_credits\">Foto: facebook.com<\/div>\n<\/div>\n<\/div>\n<h3>Zum Islam konvertiert, vom IS angeworben<\/h3>\n<p>Vor einem Jahr konvertierte Linda W. zum Islam, geriet in Kontakt mit\u00a0<span class=\"ws_nw\">IS-<\/span>Werbern und flog via Istanbul in den Irak, wo sie schlie\u00dflich in Mossul endete. Dort heiratete sie einen tschetschenischen\u00a0<span class=\"ws_nw\">IS-<\/span>K\u00e4mpfer, der kurze Zeit sp\u00e4ter verstarb.<\/p>\n<div class=\"c_content_pics c_desc_credit kmm_plugin\">\n<div class=\"pos_rel hxcms_cp_slide_content \">\n<div class=\"pos_rel hxcms_slide_content_inner\"><a class=\"fancybox\" title=\" (Bild: facebook.com)\" href=\"http:\/\/imgl.krone.at\/Bilder_original\/2017\/08\/07\/9e6555397b6d4e83463ef51af7290fab__19748917_142187749699098_5542349505596581711_n_jpg.jpg\"><img loading=\"lazy\" decoding=\"async\" class=\"float_l\" title=\"Hier wird das deutsche IS-M\u00e4dchen Linda abgef\u00fchrt (Bild: facebook.com)\" src=\"http:\/\/imgl.krone.at\/Bilder\/2017\/08\/07\/9e6555397b6d4e83463ef51af7290fab__19748917_142187749699098_5542349505596581711_n_jpg.jpg\" alt=\"Hier wird das deutsche IS-M\u00e4dchen Linda abgef\u00fchrt (Bild: facebook.com)\" width=\"630\" height=\"356\" \/><\/a><\/div>\n<\/div>\n<div id=\"kmm_cp_slideshow_0_3_media_details\" class=\"media_details\">\n<div class=\"c_credits\">Foto: facebook.com<\/div>\n<\/div>\n<\/div>\n<h3>&#8222;Will nach Hause zu meiner Familie&#8220;<\/h3>\n<p>Nach ihrer Festnahme erwartet sie jetzt entweder ein Prozess im Irak oder die Auslieferung nach Deutschland. Die Minderj\u00e4hrige hofft auf die Auslieferung: &#8222;Ich will nach Hause zu meiner Familie, ich will weg aus dem Krieg, weg von den vielen Waffen, dem L\u00e4rm&#8220;, sagte sie und k\u00fcndigte an, mit den Beh\u00f6rden kooperieren zu wollen.<\/p>\n<div class=\"c_content_pics c_desc_credit kmm_plugin\">\n<div class=\"pos_rel hxcms_cp_slide_content \">\n<div class=\"pos_rel hxcms_slide_content_inner\"><a class=\"fancybox\" title=\" (Bild: facebook.com)\" href=\"http:\/\/imgl.krone.at\/Bilder_original\/2017\/08\/07\/f36fd02b9c20017f771efeda29480b48__20245683_142187756365764_2169787511919943320_n_jpg.jpg\"><img loading=\"lazy\" decoding=\"async\" class=\"float_l\" title=\"Hier wird das deutsche IS-M\u00e4dchen Linda abgef\u00fchrt (Bild: facebook.com)\" src=\"http:\/\/imgl.krone.at\/Bilder\/2017\/08\/07\/f36fd02b9c20017f771efeda29480b48__20245683_142187756365764_2169787511919943320_n_jpg.jpg\" alt=\"Hier wird das deutsche IS-M\u00e4dchen Linda abgef\u00fchrt (Bild: facebook.com)\" width=\"630\" height=\"356\" \/><\/a><\/div>\n<\/div>\n<div id=\"kmm_cp_slideshow_0_4_media_details\" class=\"media_details\">\n<div class=\"c_credits\">Foto: facebook.com<\/div>\n<\/div>\n<\/div>\n<p>&nbsp;<\/p>\n<p>http:\/\/www.krone.at<\/p>\n","protected":false},"excerpt":{"rendered":"<p>Vor drei Wochen ist ein M\u00e4dchen aus Deutschland in der nordirakischen Stadt Mossul\u00a0von irakischen Soldaten aufgegriffen worden\u00a0. Der Verdacht liegt nahe, dass die\u00a016-j\u00e4hrige Linda W. aus Sachsen Mitglied der dortigen\u00a0Scharia-Polizei der Terrormiliz Islamischer Staat war. Nun aufgetauchte Videoaufnahmen zeigen den verwahrlosten Teenager, wie er von Soldaten durch eine aufgebrachte Meute abgef\u00fchrt wird. Bei seiner Festnahme [&hellip;]<\/p>\n","protected":false},"author":2,"featured_media":0,"comment_status":"closed","ping_status":"closed","sticky":false,"template":"","format":"video","meta":{"_jetpack_memberships_contains_paid_content":false,"footnotes":""},"categories":[19],"tags":[],"class_list":["post-1539","post","type-post","status-publish","format-video","hentry","category-religion","post_format-post-format-video"],"jetpack_featured_media_url":"","jetpack_sharing_enabled":true,"_links":{"self":[{"href":"http:\/\/ichkeria.at\/index.php?rest_route=\/wp\/v2\/posts\/1539","targetHints":{"allow":["GET"]}}],"collection":[{"href":"http:\/\/ichkeria.at\/index.php?rest_route=\/wp\/v2\/posts"}],"about":[{"href":"http:\/\/ichkeria.at\/index.php?rest_route=\/wp\/v2\/types\/post"}],"author":[{"embeddable":true,"href":"http:\/\/ichkeria.at\/index.php?rest_route=\/wp\/v2\/users\/2"}],"replies":[{"embeddable":true,"href":"http:\/\/ichkeria.at\/index.php?rest_route=%2Fwp%2Fv2%2Fcomments&post=1539"}],"version-history":[{"count":3,"href":"http:\/\/ichkeria.at\/index.php?rest_route=\/wp\/v2\/posts\/1539\/revisions"}],"predecessor-version":[{"id":1543,"href":"http:\/\/ichkeria.at\/index.php?rest_route=\/wp\/v2\/posts\/1539\/revisions\/1543"}],"wp:attachment":[{"href":"http:\/\/ichkeria.at\/index.php?rest_route=%2Fwp%2Fv2%2Fmedia&parent=1539"}],"wp:term":[{"taxonomy":"category","embeddable":true,"href":"http:\/\/ichkeria.at\/index.php?rest_route=%2Fwp%2Fv2%2Fcategories&post=1539"},{"taxonomy":"post_tag","embeddable":true,"href":"http:\/\/ichkeria.at\/index.php?rest_route=%2Fwp%2Fv2%2Ftags&post=1539"}],"curies":[{"name":"wp","href":"https:\/\/api.w.org\/{rel}","templated":true}]}}