{"id":1553,"date":"2017-08-08T17:32:03","date_gmt":"2017-08-08T15:32:03","guid":{"rendered":"http:\/\/ichkeria.at\/?p=1553"},"modified":"2017-08-08T17:32:11","modified_gmt":"2017-08-08T15:32:11","slug":"obduktion-rekrut-starb-bei-marsch-an-hitze","status":"publish","type":"post","link":"http:\/\/ichkeria.at\/?p=1553&lang=de","title":{"rendered":"Obduktion: Rekrut starb bei Marsch an Hitze!"},"content":{"rendered":"<p><strong><img loading=\"lazy\" decoding=\"async\" class=\"size-medium wp-image-1554 alignleft\" src=\"http:\/\/ichkeria.at\/wp-content\/uploads\/2017\/08\/\u043a\u0430\u0437\u0435\u0440\u043d\u0435-300x147.jpg\" alt=\"\" width=\"300\" height=\"147\" srcset=\"http:\/\/ichkeria.at\/wp-content\/uploads\/2017\/08\/\u043a\u0430\u0437\u0435\u0440\u043d\u0435-300x147.jpg 300w, http:\/\/ichkeria.at\/wp-content\/uploads\/2017\/08\/\u043a\u0430\u0437\u0435\u0440\u043d\u0435-480x234.jpg 480w, http:\/\/ichkeria.at\/wp-content\/uploads\/2017\/08\/\u043a\u0430\u0437\u0435\u0440\u043d\u0435.jpg 600w\" sizes=\"auto, (max-width: 300px) 100vw, 300px\" \/>Keine Hinweise auf eine bakterielle Infektion ergab die Obduktion des toten Soldaten: Er d\u00fcrfte bei Horn in den Tod marschiert bzw. <\/strong><strong>getrieben worden sein.<\/strong><\/p>\n<p>Die \u00dcberhitzung des K\u00f6rpers habe zu Herzstillstand gef\u00fchrt. Etwaige Vorerkrankungen des Rekruten werden laut Kremser Staatsanwalt Franz H\u00fctter noch untersucht. Es gebe aber laut Staatsanwalt keinen Hinweis auf eine relevante bakterielle Erkrankung des Grundwehrdieners.<\/p>\n<div id=\"content-ad-pos2\">\u00a0<a href=\"http:\/\/www.heute.at\/oesterreich\/niederoesterreich\/story\/Tragoedie--Rekrut--19--starb-nach-Fu-marsch-in-Horn-46606582\" target=\"_blank\" rel=\"noopener\">Wie berichtet<\/a>\u00a0war der 19-J\u00e4hrige bei einem Marsch bei gro\u00dfer Hitze zusammengebrochen, ins Horner Spital gebracht worden \u2013 dort starb der grunds\u00e4tzlich sehr fitte und aktive Wasserballspieler. Laut Insidern habe der Bursche beim Marsch schon \u00fcber Probleme geklagt, seine Kameraden sollen ihm sogar Marschgep\u00e4ck abgenommen haben. Knapp 200 Menschen aus dem n\u00e4heren Umfeld des Soldaten waren vorsorglich mit Antibiotika versorgt worden.<\/div>\n<p><b>Vater erhebt schwere Vorw\u00fcrfe<\/b><\/p>\n<p>Der Grundwehrdiener habe sich &#8222;w\u00e4hrend des Marsches schlecht gef\u00fchlt&#8220;, schildert ein besorgter Vater eines Kameraden des Verstorbenen in einem Interview mit dem &#8222;Falter&#8220;. Nach dessen Zusammenbruch sei &#8222;nicht sofort die Rettung verst\u00e4ndigt&#8220; worden. Stellvertretend f\u00fcr seinen Sohn w\u00e4re er deshalb vor die Medien getreten. Diesem sei es &#8222;wichtig, dass die Zust\u00e4nde in dieser Kaserne ans Licht kommen&#8220;.<\/p>\n<p>Bei einer \u00dcbung am Vortag sollen &#8222;mehr als 20 M\u00e4nner&#8220; in Ohnmacht gefallen sein, so der Familienangeh\u00f6rige. &#8222;Hier wird offensichtlich nicht auf das Leben der jungen M\u00e4nner geachtet&#8220;.<\/p>\n<p>&#8222;Niemand beschwert sich! Die Burschen werden vom ersten Tag an eingesch\u00fcchtert und drangsaliert. Und wehe einer wagt es, gesundheitliche Probleme anzusprechen&#8220;, klagte der Mann.<\/p>\n<p>Die Untersuchungen in dem Fall sind noch nicht abgeschlossen. Dietmar Rust, der Sprecher des Verteidigungsministeriums, teilte in Reaktion auf den &#8222;Falter&#8220;-Bericht mit, dass es bei etwaigem Fehlverhalten durch die Ausbildner &#8222;keine Toleranz&#8220; geben werde.<\/p>\n<p><b>Marscherleichterung angeordnet<\/b><\/p>\n<p>Das Bundesheer hatte schon am Tag nach dem schrecklichen Vorfall\u00a0<a href=\"https:\/\/www.ots.at\/presseaussendung\/OTS_20170804_OTS0089\/bundesheer-untersuchungskommission-legt-erste-ergebnisse-vor\" target=\"_blank\" rel=\"noopener\">eine Stellungnahme<\/a>\u00a0ver\u00f6ffentlicht. Auf Grund der Gluthitze w\u00e4re der Marsch vorwiegend in schattigem Waldgel\u00e4nde durchgef\u00fchrt worden.<\/p>\n<p>F\u00fcr den Marsch seien vorbeugende Ma\u00dfnahmen zur Linderung der Hitzebelastung befohlen worden. Die Rekruten h\u00e4tten im Unterhemd und ohne Helm marschieren d\u00fcrfen und jedem w\u00e4ren zus\u00e4tzlich noch 1,5 Liter Wasser ausgegeben worden.<\/p>\n<p>Um das Marschtempo zu reduzieren, sei der langsamste Soldat als Erster in der Marschgruppe eingeteilt worden. Dabei h\u00e4tte es sich allerdings nicht um den verstorbenen Soldaten gehandelt, so das Bundesheer.<\/p>\n<p>Weiters hei\u00dft es in der Aussendung: &#8222;Nach einer Stunde Marschzeit kam es w\u00e4hrend einer Marschpause zu dem Vorfall. Daraufhin wurden Erste-Hilfe-Ma\u00dfnahmen ergriffen und der Rekrut in die Kaserne gefahren&#8220;. Dort h\u00e4tte ihn das Sanit\u00e4tsfachpersonal bis zum Eintreffen des Notarztes behandelt.<br \/>\nNach notfallmedizinischer Erstversorgung sei der Betroffene in das Krankenhaus Horn eingeliefert worden, wo er trotz intensivmedizinischer Versorgung verstarb.<\/p>\n<p>&nbsp;<\/p>\n<p>http:\/\/www.heute.at<\/p>\n","protected":false},"excerpt":{"rendered":"<p>Keine Hinweise auf eine bakterielle Infektion ergab die Obduktion des toten Soldaten: Er d\u00fcrfte bei Horn in den Tod marschiert bzw. getrieben worden sein. Die \u00dcberhitzung des K\u00f6rpers habe zu Herzstillstand gef\u00fchrt. Etwaige Vorerkrankungen des Rekruten werden laut Kremser Staatsanwalt Franz H\u00fctter noch untersucht. Es gebe aber laut Staatsanwalt keinen Hinweis auf eine relevante bakterielle [&hellip;]<\/p>\n","protected":false},"author":2,"featured_media":0,"comment_status":"closed","ping_status":"closed","sticky":false,"template":"","format":"standard","meta":{"_jetpack_memberships_contains_paid_content":false,"footnotes":""},"categories":[19],"tags":[],"class_list":["post-1553","post","type-post","status-publish","format-standard","hentry","category-religion"],"jetpack_featured_media_url":"","jetpack_sharing_enabled":true,"_links":{"self":[{"href":"http:\/\/ichkeria.at\/index.php?rest_route=\/wp\/v2\/posts\/1553","targetHints":{"allow":["GET"]}}],"collection":[{"href":"http:\/\/ichkeria.at\/index.php?rest_route=\/wp\/v2\/posts"}],"about":[{"href":"http:\/\/ichkeria.at\/index.php?rest_route=\/wp\/v2\/types\/post"}],"author":[{"embeddable":true,"href":"http:\/\/ichkeria.at\/index.php?rest_route=\/wp\/v2\/users\/2"}],"replies":[{"embeddable":true,"href":"http:\/\/ichkeria.at\/index.php?rest_route=%2Fwp%2Fv2%2Fcomments&post=1553"}],"version-history":[{"count":1,"href":"http:\/\/ichkeria.at\/index.php?rest_route=\/wp\/v2\/posts\/1553\/revisions"}],"predecessor-version":[{"id":1555,"href":"http:\/\/ichkeria.at\/index.php?rest_route=\/wp\/v2\/posts\/1553\/revisions\/1555"}],"wp:attachment":[{"href":"http:\/\/ichkeria.at\/index.php?rest_route=%2Fwp%2Fv2%2Fmedia&parent=1553"}],"wp:term":[{"taxonomy":"category","embeddable":true,"href":"http:\/\/ichkeria.at\/index.php?rest_route=%2Fwp%2Fv2%2Fcategories&post=1553"},{"taxonomy":"post_tag","embeddable":true,"href":"http:\/\/ichkeria.at\/index.php?rest_route=%2Fwp%2Fv2%2Ftags&post=1553"}],"curies":[{"name":"wp","href":"https:\/\/api.w.org\/{rel}","templated":true}]}}