{"id":1562,"date":"2017-08-09T10:39:18","date_gmt":"2017-08-09T08:39:18","guid":{"rendered":"http:\/\/ichkeria.at\/?p=1562"},"modified":"2017-08-09T10:39:27","modified_gmt":"2017-08-09T08:39:27","slug":"eskalation-trump-laesst-jetzt-seine-bomber-starten","status":"publish","type":"post","link":"http:\/\/ichkeria.at\/?p=1562&lang=de","title":{"rendered":"Eskalation: Trump l\u00e4sst jetzt seine Bomber starten"},"content":{"rendered":"<p><strong><img loading=\"lazy\" decoding=\"async\" class=\"size-medium wp-image-1563 alignleft\" src=\"http:\/\/ichkeria.at\/wp-content\/uploads\/2017\/08\/trumpw_vs-300x169.jpg\" alt=\"\" width=\"300\" height=\"169\" \/>Nordkorea macht gr\u00f6\u00dfere Fortschritte bei seinem\u00a0<span class=\"ws_nw\">Atom-<\/span>\u00a0und Raketenprogramm als bisher angenommen. Wie die USA und Japan herausgefunden haben, ist der kommunistische Staat bereits in der Lage, seine Raketen mit\u00a0<span class=\"ws_nw\">Miniatur-<\/span>Atomsprengk\u00f6pfen zu best\u00fccken\u00a0<span class=\"ws_nw\">&#8211;<\/span>auch Interkontinentalraketen. Der Konflikt zwischen den USA und Nordkorea versch\u00e4rft sich zudem: W\u00e4hrend\u00a0<span class=\"ws_nw\">US-<\/span>Pr\u00e4sident Donald Trump der Linie Nordkoreas &#8222;mit Feuer, Wut und Macht&#8220; begegnen will, droht sein Kontrahent Kim Jong Un damit, die\u00a0<span class=\"ws_nw\">US-<\/span>Pazifikinsel Guam anzugreifen.<\/strong><\/p>\n<p><span class=\"initial_letter s_res c_fg\">D<\/span>er Regierung in Pj\u00f6ngjang ist einem Bericht der &#8222;Washington Post&#8220; zufolge gelungen, einen atomaren Sprengkopf zu entwickeln, der klein genug ist, um damit Raketen zu best\u00fccken. Diese Informationen konnte der Geheimdienst DIA (Defence Intelligence Agency) gewinnen. Ein in Tokio ver\u00f6ffentlichtes Wei\u00dfbuch des japanischen Verteidigungsministeriums kommt zu dem gleichen Schluss. Nordkorea sei damit einen Schritt weiter auf dem Weg zu einer vollwertigen Atommacht.<\/p>\n<div class=\"c_content_pics c_desc_credit kmm_plugin\">\n<div class=\"pos_rel hxcms_cp_slide_content \">\n<div class=\"pos_rel hxcms_slide_content_inner\"><a class=\"fancybox\" title=\" (Bild: AP)\" href=\"http:\/\/imgl.krone.at\/Bilder_skaliert\/2017\/07\/05\/dc7a594d2bfbde7395e48f620929afdb__start_1260_jpg_1552358_1164.jpg\"><img loading=\"lazy\" decoding=\"async\" class=\"float_l\" title=\"Eskalation: Trump l\u00e4sst jetzt seine Bomber starten (Bild: AP)\" src=\"http:\/\/imgl.krone.at\/Bilder\/2017\/07\/05\/dc7a594d2bfbde7395e48f620929afdb__start_1260_jpg.jpg\" alt=\"Eskalation: Trump l\u00e4sst jetzt seine Bomber starten (Bild: AP)\" width=\"630\" height=\"356\" \/><\/a><\/div>\n<\/div>\n<div id=\"kmm_cp_slideshow_0_0_media_details\" class=\"media_details\">\n<div class=\"c_credits\">Foto: AP<\/div>\n<\/div>\n<\/div>\n<p>Ob der kommunistische Staat den Atomsprengkopf bereits getestet hat, ist unbekannt. Nordkorea hatte zwar schon letztes Jahr verk\u00fcndet, es habe einen solchen Test erfolgreich durchgef\u00fchrt, dies konnte aber aus unabh\u00e4ngigen Quellen nicht best\u00e4tigt werden. Damals verf\u00fcgte das Regime noch nicht \u00fcber Interkontinentalraketen.<\/p>\n<div class=\"c_inread_ad\"><\/div>\n<p><iframe loading=\"lazy\" class=\"kmm_plugin c_content_youtube\" src=\"http:\/\/www.youtube.com\/embed\/9f1A3Wt3OtY?feature=player_detailpage&amp;wmode=opaque\" width=\"300\" height=\"150\" frameborder=\"0\" scrolling=\"no\" allowfullscreen=\"allowfullscreen\" data-mce-fragment=\"1\"><\/iframe><\/p>\n<h3>Trump: &#8222;Feuer, Wut und Macht&#8220; gegen Nordkorea<\/h3>\n<p>Die USA reagierten auf diese neuen Erkenntnisse mit der indirekten Androhung milit\u00e4rischer Gewalt. Wenn Nordkorea seine Drohungen fortsetze, werde diesen &#8222;begegnet mit Feuer, Wut und Macht, wie die Welt es so noch nicht gesehen hat&#8220;, sagte Trump am Dienstag.<\/p>\n<div class=\"c_content_pics c_desc_credit kmm_plugin\">\n<div class=\"pos_rel hxcms_cp_slide_content \">\n<div class=\"pos_rel hxcms_slide_content_inner\"><a class=\"fancybox\" title=\" (Bild: AFP (Archivbild))\" href=\"http:\/\/imgl.krone.at\/Bilder_skaliert\/2017\/08\/09\/7467a328382ccf54540b22adc37bab7e__jet_jpg_1564454_1164.jpg\"><img loading=\"lazy\" decoding=\"async\" class=\"float_l\" title=\"Eskalation: Trump l\u00e4sst jetzt seine Bomber starten (Bild: AFP (Archivbild))\" src=\"http:\/\/imgl.krone.at\/Bilder\/2017\/08\/09\/7467a328382ccf54540b22adc37bab7e__jet_jpg.jpg\" alt=\"Eskalation: Trump l\u00e4sst jetzt seine Bomber starten (Bild: AFP (Archivbild))\" width=\"630\" height=\"356\" \/><\/a><\/div>\n<\/div>\n<div id=\"kmm_cp_slideshow_0_2_media_details\" class=\"media_details\">\n<div class=\"c_credits\">Foto: AFP (Archivbild)<\/div>\n<\/div>\n<\/div>\n<div class=\"c_content_pics c_desc_credit kmm_plugin\">\n<div class=\"pos_rel hxcms_cp_slide_content \">\n<div class=\"pos_rel hxcms_slide_content_inner\"><a class=\"fancybox\" title=\"Donald Trump (Bild: AP)\" href=\"http:\/\/imgl.krone.at\/Bilder_skaliert\/2017\/08\/02\/0e81b552ed4626f005cf70382890c9b1__apa9302_tmp_jpg_1562098_1164.jpg\"><img loading=\"lazy\" decoding=\"async\" class=\"float_l\" title=\"Donald Trump (Bild: AP)\" src=\"http:\/\/imgl.krone.at\/Bilder\/2017\/08\/02\/0e81b552ed4626f005cf70382890c9b1__apa9302_tmp_jpg.jpg\" alt=\"Donald Trump (Bild: AP)\" width=\"630\" height=\"356\" \/><\/a><\/div>\n<\/div>\n<div id=\"kmm_cp_slideshow_0_3_media_details\" class=\"media_details\">\n<div class=\"c_desc\">Donald Trump<\/div>\n<div class=\"c_credits\">Foto: AP<\/div>\n<\/div>\n<\/div>\n<p>Auch Nordkorea versuchte, die USA einzusch\u00fcchtern. Die Streitkr\u00e4fte z\u00f6gen eine solche Attacke auf die\u00a0<span class=\"ws_nw\">US-<\/span>Pazifikinsel Guam &#8222;ernsthaft in Erw\u00e4gung&#8220;, meldete die staatliche Nachrichtenagentur KCNA am Mittwoch. Laut einem Sprecher der nordkoreanischen Armee k\u00f6nne der Plan &#8222;jederzeit&#8220; ausgef\u00fchrt werden, sobald Staatschef Kim Jong Un die Entscheidung dazu treffe.<\/p>\n<h3>Trumps &#8222;Feuer&#8220; bei Trainingsmission demonstriert<\/h3>\n<p>Trump zeigte auch gleich, was er unter &#8222;Feuer, Wut und Macht&#8220; versteht: Nach der Drohung bez\u00fcglich Guam ver\u00f6ffentlichten die USA Bilder von einer zehnst\u00fcndigen Trainingsmission mit zwei\u00a0<span class=\"ws_nw\">B-<\/span>1B Bombern, die das K\u00f6nnen und taktischen F\u00e4higkeiten der Piloten demonstrieren sollen. &#8222;Diese Fl\u00fcge mit Japan und S\u00fcdkorea zeigen die Solidarit\u00e4t zwischen Japan, S\u00fcdkorea und den USA, um sich gegen provokante und destabilisierende Aktionen im Pazifik zu verteidigen&#8220;, hie\u00df es dazu in einer Aussendung der Air Force.<\/p>\n<h3><span class=\"ws_nw\">US-<\/span>Man\u00f6ver vor koreanischer Halbinsel<\/h3>\n<p>Auf Guam ist die\u00a0<span class=\"ws_nw\">US-<\/span>Luftwaffenbasis Anderson stationiert, von der aus die Vereinigten Staaten immer wieder strategische Bomber des Typs\u00a0<span class=\"ws_nw\">B-<\/span>1 zu Milit\u00e4rman\u00f6vern in Richtung koreanische Halbinsel entsendet haben. In Erw\u00e4gung gezogen wird demnach ein Angriff mit ballistischen Raketen des Typs\u00a0<span class=\"ws_nw\">Hwasong-<\/span>12, um die\u00a0<span class=\"ws_nw\">US-<\/span>St\u00fctzpunkte auf Guam und die dort stationierten Bomber in Schach zu halten\u00a0<span class=\"ws_nw\">&#8211;<\/span>\u00a0schlie\u00dflich sei die Insel der potenzielle &#8222;Ausgangspunkt f\u00fcr eine Invasion in Nordkorea&#8220;.<\/p>\n<div class=\"c_content_pics c_desc_credit kmm_plugin\">\n<div class=\"pos_rel hxcms_cp_slide_content \">\n<div class=\"pos_rel hxcms_slide_content_inner\"><a class=\"fancybox\" title=\"Nordkorea l\u00e4sst keine Gelegenheit aus, um die angebliche Schlagkraft seines Milit\u00e4rs zu zeigen. (Bild: AP)\" href=\"http:\/\/imgl.krone.at\/Bilder_skaliert\/2017\/04\/29\/739ee2aec12359bca949ca79fd65c98f__rakete-nordkorea_jpg_1528512_1164.jpg\"><img loading=\"lazy\" decoding=\"async\" class=\"float_l\" title=\"Nordkorea l\u00e4sst keine Gelegenheit aus, um die angebliche Schlagkraft seines Milit\u00e4rs zu zeigen. (Bild: AP)\" src=\"http:\/\/imgl.krone.at\/Bilder\/2017\/04\/29\/739ee2aec12359bca949ca79fd65c98f__rakete-nordkorea_jpg.jpg\" alt=\"Nordkorea l\u00e4sst keine Gelegenheit aus, um die angebliche Schlagkraft seines Milit\u00e4rs zu zeigen. (Bild: AP)\" width=\"630\" height=\"356\" \/><\/a><\/div>\n<\/div>\n<div id=\"kmm_cp_slideshow_0_4_media_details\" class=\"media_details\">\n<div class=\"c_desc\">Nordkorea l\u00e4sst keine Gelegenheit aus, um die angebliche Schlagkraft seines Milit\u00e4rs zu zeigen.<\/div>\n<div class=\"c_credits\">Foto: AP<\/div>\n<\/div>\n<\/div>\n<h3>Nordkorea droht &#8222;totalen Krieg&#8220; an<\/h3>\n<p>Begr\u00fcndet wurde die Drohung Pj\u00f6ngjangs mit der Mobilisierung des\u00a0<span class=\"ws_nw\">US-<\/span>Atomwaffenarsenals sowie den j\u00fcngsten\u00a0<span class=\"ws_nw\">US-<\/span>Raketentests und \u00dcbungen mit Langstreckenbombern \u00fcber S\u00fcdkorea. &#8222;Solche Milit\u00e4rman\u00f6ver der USA k\u00f6nnten in der momentan extrem heiklen Situation auf der koreanischen Halbinsel einen gef\u00e4hrlichen Konflikt provozieren&#8220;, hie\u00df es.<\/p>\n<p>In einer weiteren Stellungnahme k\u00fcndigte ein nordkoreanischer Milit\u00e4rsprecher laut KCNA an, auf einen m\u00f6glichen &#8222;Pr\u00e4ventivkrieg&#8220; der\u00a0<span class=\"ws_nw\">US-<\/span>Streitkr\u00e4fte mit einem &#8222;totalen Krieg&#8220; zu reagieren, der &#8222;s\u00e4mtliche St\u00fctzpunkte des Gegners ausrotten wird, auch auf dem\u00a0<span class=\"ws_nw\">US-<\/span>Festland&#8220;.<\/p>\n<div class=\"c_content_pics c_desc_credit kmm_plugin\">\n<div class=\"pos_rel hxcms_cp_slide_content \">\n<div class=\"pos_rel hxcms_slide_content_inner\"><a class=\"fancybox\" title=\" (Bild: AP)\" href=\"http:\/\/imgl.krone.at\/Bilder_skaliert\/2017\/06\/02\/8c1997a8661f6b7dd97c3aca0d6b7daf__nordkorea-usa_jpg_1540859_1164.jpg\"><img loading=\"lazy\" decoding=\"async\" class=\"float_l\" title=\"Eskalation: Trump l\u00e4sst jetzt seine Bomber starten (Bild: AP)\" src=\"http:\/\/imgl.krone.at\/Bilder\/2017\/06\/02\/8c1997a8661f6b7dd97c3aca0d6b7daf__nordkorea-usa_jpg.jpg\" alt=\"Eskalation: Trump l\u00e4sst jetzt seine Bomber starten (Bild: AP)\" width=\"630\" height=\"356\" \/><\/a><\/div>\n<\/div>\n<div id=\"kmm_cp_slideshow_0_5_media_details\" class=\"media_details\">\n<div class=\"c_credits\">Foto: AP<\/div>\n<\/div>\n<\/div>\n<h3>Der gef\u00e4hrlichste Konflikt der Welt<\/h3>\n<p>Der Konflikt mit dem kommunistisch regierten Land gilt als der derzeit gef\u00e4hrlichste der Welt. Japan und S\u00fcdkorea sind Verb\u00fcndete der USA, dem Erzfeind der F\u00fchrung in Pj\u00f6ngjang. Beide L\u00e4nder f\u00fchlen sich durch das\u00a0<span class=\"ws_nw\">Atom-<\/span>\u00a0und Raketenprogramm Nordkoreas zunehmend bedroht.<\/p>\n<p>Trotz aller Verbote des\u00a0<span class=\"ws_nw\">UN-<\/span>Sicherheitsrates sowie aller Warnungen hatte Nordkorea<a class=\"sto_a\" title=\" am 28. Juli eine Interkontinentalrakete getestet\" href=\"https:\/\/www.google.com\/url?q=http:\/\/www.krone.at\/welt\/nordkorea-testete-weitere-interkontinentalrakete-pjoengjang-provoziert-story-580885&amp;sa=U&amp;ved=0ahUKEwie8sm3tMnVAhUjIJoKHTZGCBkQFggUMAU&amp;client=internal-uds-cse&amp;usg=AFQjCNG56ZmkcORbj35OdETAMMQt9lZXYg\">am 28. Juli eine Interkontinentalrakete getestet<\/a><span class=\"sto_as\">\u00a0<\/span>. Diese hatte nach Berechnungen von Experten eine theoretische Reichweite von rund 10.000 Kilometern. Als Reaktion auf den Raketentest verh\u00e4ngte der\u00a0<span class=\"ws_nw\">UN-<\/span>Sicherheitsrat am Wochenende\u00a0<a class=\"sto_a\" title=\"die bisher sch\u00e4rfsten Wirtschaftssanktionen gegen Nordkorea\" href=\"http:\/\/www.krone.at\/welt\/uno-erhoeht-mit-sanktionen-druck-auf-nordkorea-exportverbote-story-582184\">die bisher sch\u00e4rfsten Wirtschaftssanktionen gegen Nordkorea<\/a><span class=\"sto_as\">\u00a0<\/span>.<\/p>\n<p>Nordkoreas Staatschef Kim hatte nach dem Test gesagt, das Festland der USA sei jetzt in Reichweite. Nach Einsch\u00e4tzung amerikanischer Experten w\u00e4re eine solche Rakete in der Lage, auch St\u00e4dte wie Los Angeles oder Chicago zu erreichen.<\/p>\n<p>&nbsp;<\/p>\n<p>http:\/\/www.krone.at<\/p>\n","protected":false},"excerpt":{"rendered":"<p>Nordkorea macht gr\u00f6\u00dfere Fortschritte bei seinem\u00a0Atom-\u00a0und Raketenprogramm als bisher angenommen. Wie die USA und Japan herausgefunden haben, ist der kommunistische Staat bereits in der Lage, seine Raketen mit\u00a0Miniatur-Atomsprengk\u00f6pfen zu best\u00fccken\u00a0&#8211;auch Interkontinentalraketen. Der Konflikt zwischen den USA und Nordkorea versch\u00e4rft sich zudem: W\u00e4hrend\u00a0US-Pr\u00e4sident Donald Trump der Linie Nordkoreas &#8222;mit Feuer, Wut und Macht&#8220; begegnen will, droht [&hellip;]<\/p>\n","protected":false},"author":2,"featured_media":0,"comment_status":"closed","ping_status":"closed","sticky":false,"template":"","format":"standard","meta":{"_jetpack_memberships_contains_paid_content":false,"footnotes":""},"categories":[19],"tags":[],"class_list":["post-1562","post","type-post","status-publish","format-standard","hentry","category-religion"],"jetpack_featured_media_url":"","jetpack_sharing_enabled":true,"_links":{"self":[{"href":"http:\/\/ichkeria.at\/index.php?rest_route=\/wp\/v2\/posts\/1562","targetHints":{"allow":["GET"]}}],"collection":[{"href":"http:\/\/ichkeria.at\/index.php?rest_route=\/wp\/v2\/posts"}],"about":[{"href":"http:\/\/ichkeria.at\/index.php?rest_route=\/wp\/v2\/types\/post"}],"author":[{"embeddable":true,"href":"http:\/\/ichkeria.at\/index.php?rest_route=\/wp\/v2\/users\/2"}],"replies":[{"embeddable":true,"href":"http:\/\/ichkeria.at\/index.php?rest_route=%2Fwp%2Fv2%2Fcomments&post=1562"}],"version-history":[{"count":1,"href":"http:\/\/ichkeria.at\/index.php?rest_route=\/wp\/v2\/posts\/1562\/revisions"}],"predecessor-version":[{"id":1564,"href":"http:\/\/ichkeria.at\/index.php?rest_route=\/wp\/v2\/posts\/1562\/revisions\/1564"}],"wp:attachment":[{"href":"http:\/\/ichkeria.at\/index.php?rest_route=%2Fwp%2Fv2%2Fmedia&parent=1562"}],"wp:term":[{"taxonomy":"category","embeddable":true,"href":"http:\/\/ichkeria.at\/index.php?rest_route=%2Fwp%2Fv2%2Fcategories&post=1562"},{"taxonomy":"post_tag","embeddable":true,"href":"http:\/\/ichkeria.at\/index.php?rest_route=%2Fwp%2Fv2%2Ftags&post=1562"}],"curies":[{"name":"wp","href":"https:\/\/api.w.org\/{rel}","templated":true}]}}