{"id":1588,"date":"2017-08-10T08:43:21","date_gmt":"2017-08-10T06:43:21","guid":{"rendered":"http:\/\/ichkeria.at\/?p=1588"},"modified":"2017-08-10T08:49:50","modified_gmt":"2017-08-10T06:49:50","slug":"toter-rekrut-jetzt-berichten-augenzeugen","status":"publish","type":"post","link":"http:\/\/ichkeria.at\/?p=1588&lang=de","title":{"rendered":"Toter Rekrut: Jetzt berichten Augenzeugen!"},"content":{"rendered":"<figure id=\"attachment_1589\" aria-describedby=\"caption-attachment-1589\" style=\"width: 300px\" class=\"wp-caption alignleft\"><img loading=\"lazy\" decoding=\"async\" class=\"wp-image-1589 size-medium\" src=\"http:\/\/ichkeria.at\/wp-content\/uploads\/2017\/08\/storybild-300x170.jpg\" alt=\"\" width=\"300\" height=\"170\" srcset=\"http:\/\/ichkeria.at\/wp-content\/uploads\/2017\/08\/storybild-300x170.jpg 300w, http:\/\/ichkeria.at\/wp-content\/uploads\/2017\/08\/storybild-480x271.jpg 480w, http:\/\/ichkeria.at\/wp-content\/uploads\/2017\/08\/storybild.jpg 630w\" sizes=\"auto, (max-width: 300px) 100vw, 300px\" \/><figcaption id=\"caption-attachment-1589\" class=\"wp-caption-text\">Foto: APA\/HANS PUNZ, krone.at-Grafik<\/figcaption><\/figure>\n<h3 class=\"schmuckfarbe1 link_vorleger s_res c_brdr\">Brief von Soldaten<\/h3>\n<p>Im\u00a0<a class=\"sto_a\" title=\"tragischen Todesfall in der Kaserne Horn ermitteln jetzt zwei Untersuchungskommissionen\" href=\"http:\/\/www.krone.at\/oesterreich\/kein-wahlkampf-mit-totem-grundwehrdiener-nach-gruenen-anfrage-story-582691\">tragischen Todesfall in der Kaserne Horn ermitteln jetzt zwei Untersuchungskommissionen<\/a><span class=\"sto_as\">\u00a0<\/span>, der Verteidigungsminister lie\u00df bereits einen Ausbildner beurlauben. Die genauen Gr\u00fcnde, warum der erst 19 Jahre alte Toni P. bei einem 7,2 Kilometer langen Marsch starb, sind noch nicht restlos gekl\u00e4rt. Jetzt meldeten sich aber drei Kameraden des toten Soldaten: Sie kritisieren die Hetze gegen das Bundesheer\u00a0<span class=\"ws_nw\">&#8211;<\/span>\u00a0und wie manche Medien &#8222;Fake News&#8220;, also Unwahrheiten, verbreiten. krone.at hat den ganzen Brief.<\/p>\n<p>&#8222;Wir haben nur die Wahrheit verdient&#8220;, schreiben die Soldaten in ihrem Brief: &#8222;Wir sind Rekruten. Drei junge Soldaten der 1. Gardekompanie, Kameraden unseres verstorbenen Toni P. Als solche melden wir uns nun zu Wort. Selbst\u00e4ndig. Ohne Filter, Kontrolle oder R\u00fccksprache mit der Obrigkeit sehen wir uns als einfache Soldaten und Freunde von Toni gezwungen, unsere Stimme zu erheben.&#8220;<\/p>\n<h3>20 Ohnm\u00e4chtige? &#8222;Ein L\u00fcgenm\u00e4rchen&#8220;<\/h3>\n<p>Und sie widersprechen mit ihrer Schilderung ziemlich deutlich dem Bericht in der Wochenzeitung &#8222;Falter&#8220;: &#8222;Wir finden L\u00fcgenm\u00e4rchen wie &#8218;\u00fcber 20 Ohnm\u00e4chtige bei \u00dcbungsmarsch&#8216; oder &#8217;30 Kilo Marschgep\u00e4ck&#8216; ungeheuerlich und respektlos gegen\u00fcber allen, die um Toni trauern.&#8220;<\/p>\n<div class=\"c_inread_ad\">\u00a0Auch die Schikanen, von denen der &#8222;Falter&#8220; berichtet, seien nicht in dieser Art vorgefallen, meinen die Rekruten: &#8222;Ein anderer Rekrut hatte bei den \u00dcbungen am Tag vor dem Marsch Schwindelgef\u00fchl gemeldet und wurde\u00a0<span class=\"ws_nw\">&#8211;<\/span>\u00a0ohne Schikane oder irgendwelche &#8218;Repressalien&#8216;\u00a0<span class=\"ws_nw\">&#8211;<\/span>\u00a0umgehend versorgt.&#8220;<\/div>\n<p>Und sie widersprechen auch der Darstellung im &#8222;Falter&#8220;, dass an einem Tag &#8222;mehr als 20 M\u00e4nner bei der \u00dcbung in Ohmacht gefallen sein sollen&#8220;. Im Brief der Augenzeugen steht dazu w\u00f6rtlich: &#8222;Nachdem beim Marsch der ersten Gruppe (Mittwoch, 2. August) sechs Rekruten wegen Blasen an den F\u00fc\u00dfen bzw. Unterzucker in die Kaserne zur\u00fcckgebracht werden mussten (alle bei Bewusstsein!\u00a0<span class=\"ws_nw\">&#8211;<\/span>\u00a0keine Rede von 20 Ohnm\u00e4chtigen), wurde der zweiten Gruppe am Donnerstag das Gep\u00e4ck erleichtert (12 Kilo inklusive Waffe und ausreichend Trinkwasser).&#8220;<\/p>\n<h3>&#8222;Falter&#8220;: Belastende Infos aus\u00a0<span class=\"ws_nw\">WhatsApp-<\/span>Gruppe<\/h3>\n<p>Der &#8222;Falter&#8220;<span class=\"ws_nw\">&#8211;<\/span>Autor konterte auf diesen Augenzeugenbericht mit einem launigen Eintrag auf Twitter: Die Ver\u00f6ffentlichung des Briefs der Augenzeugen sei &#8222;eine liebe\u00a0<span class=\"ws_nw\">PR-<\/span>Aktion&#8220; f\u00fcr das Bundesheer. Meldungen aus der\u00a0<span class=\"ws_nw\">WhatsApp-<\/span>Gruppe der Rekruten w\u00fcrden die Version von 26 ohnm\u00e4chtigen Rekruten belegen.<\/p>\n<div class=\"kmm_plugin\"><\/div>\n<p>Die drei Kameraden von Toni P. haben in ihrem Brief jedenfalls eine klare Meinung: &#8222;Was wir nicht brauchen k\u00f6nnen, sind Hass aus dem Netz, mediale Hysterie und &#8218;Fake News made in Austria&#8216;. Respektiert die Wahrheit, bleibt bei den Fakten! Einen tragischen Todesfall auszunutzen, um unserer Kompanie und dem ganzen Bundesheer schlimmste Dinge anzudichten, ist ein Schlag ins Gesicht f\u00fcr alle Betroffenen.&#8220;<\/p>\n<h3>Journalistin gab sich als Mutter des Toten aus<\/h3>\n<p>Und die Burschen in Horn kritisieren auch, dass sich ein Medium sogar mit einer widerlichen L\u00fcge in die Kaserne einschleichen wollte: &#8222;Vormittag erst gab sich eine Journalistin (Name und Medium bekannt) als Mutter des Verstorbenen aus, um sich Zutritt zur Kaserne zu beschaffen.&#8220;<\/p>\n<p>Den ganzen Brief in voller L\u00e4nge finden Sie hier in\u00a0<span class=\"ws_nw\">PDF-<\/span>Version (<a class=\"sto_a\" title=\"Teil 1\" href=\"http:\/\/download.krone.at\/pdf\/Rekruten_Brief_1.pdf\">Teil 1<\/a><span class=\"sto_as\">\u00a0<\/span>\u00a0und\u00a0<a class=\"sto_a\" title=\"Teil 2\" href=\"http:\/\/download.krone.at\/pdf\/Rekruten_Brief_2.pdf\">Teil 2<\/a><span class=\"sto_as\">\u00a0<\/span>) und in den Bildern unten:<\/p>\n<div class=\"c_content_pics c_desc_credit kmm_plugin\">\n<div class=\"pos_rel hxcms_cp_slide_content \">\n<div class=\"pos_rel hxcms_slide_content_inner\"><a class=\"fancybox\" title=\" (Bild: krone.at-Grafik, stock.adobe.com)\" href=\"http:\/\/imgl.krone.at\/Bilder_skaliert\/2017\/08\/09\/3aed14248d0717b4bca2eafaaf83595d__1_jpg_1564625_1164.jpg\"><img loading=\"lazy\" decoding=\"async\" class=\"float_l\" title=\"Toter Rekrut: Jetzt berichten Augenzeugen! (Bild: krone.at-Grafik, stock.adobe.com)\" src=\"http:\/\/imgl.krone.at\/Bilder\/2017\/08\/09\/3aed14248d0717b4bca2eafaaf83595d__1_jpg.jpg\" alt=\"Toter Rekrut: Jetzt berichten Augenzeugen! (Bild: krone.at-Grafik, stock.adobe.com)\" width=\"630\" height=\"356\" \/><\/a><\/div>\n<\/div>\n<div id=\"kmm_cp_slideshow_0_1_media_details\" class=\"media_details\">\n<div class=\"c_credits\">Foto: krone.at-Grafik, stock.adobe.com<\/div>\n<\/div>\n<\/div>\n<div class=\"c_content_pics c_desc_credit kmm_plugin\">\n<div class=\"pos_rel hxcms_cp_slide_content \">\n<div class=\"pos_rel hxcms_slide_content_inner\"><a class=\"fancybox\" title=\" (Bild: krone.at-Grafik, stock.adobe.com)\" href=\"http:\/\/imgl.krone.at\/Bilder_skaliert\/2017\/08\/09\/85455fdcee60cf9dc6b1d640fc6e0543__2_jpg_1564626_1164.jpg\"><img loading=\"lazy\" decoding=\"async\" class=\"float_l\" title=\"Toter Rekrut: Jetzt berichten Augenzeugen! (Bild: krone.at-Grafik, stock.adobe.com)\" src=\"http:\/\/imgl.krone.at\/Bilder\/2017\/08\/09\/85455fdcee60cf9dc6b1d640fc6e0543__2_jpg.jpg\" alt=\"Toter Rekrut: Jetzt berichten Augenzeugen! (Bild: krone.at-Grafik, stock.adobe.com)\" width=\"630\" height=\"356\" \/><\/a><\/div>\n<\/div>\n<div id=\"kmm_cp_slideshow_0_2_media_details\" class=\"media_details\">\n<div class=\"c_credits\">Foto: krone.at-Grafik, stock.adobe.com<\/div>\n<\/div>\n<\/div>\n<div class=\"c_content_pics c_desc_credit kmm_plugin\">\n<div class=\"pos_rel hxcms_cp_slide_content \">\n<div class=\"pos_rel hxcms_slide_content_inner\"><a class=\"fancybox\" title=\" (Bild: krone.at-Grafik, stock.adobe.com)\" href=\"http:\/\/imgl.krone.at\/Bilder_skaliert\/2017\/08\/09\/7476157a223e85bc2bb3b31b351acfe4__3_jpg_1564627_1164.jpg\"><img loading=\"lazy\" decoding=\"async\" class=\"float_l\" title=\"Toter Rekrut: Jetzt berichten Augenzeugen! (Bild: krone.at-Grafik, stock.adobe.com)\" src=\"http:\/\/imgl.krone.at\/Bilder\/2017\/08\/09\/7476157a223e85bc2bb3b31b351acfe4__3_jpg.jpg\" alt=\"Toter Rekrut: Jetzt berichten Augenzeugen! (Bild: krone.at-Grafik, stock.adobe.com)\" width=\"630\" height=\"356\" \/><\/a><\/div>\n<\/div>\n<div id=\"kmm_cp_slideshow_0_3_media_details\" class=\"media_details\">\n<div class=\"c_credits\">Foto: krone.at-Grafik, stock.adobe.com<\/div>\n<\/div>\n<\/div>\n<div class=\"c_content_pics c_desc_credit kmm_plugin\">\n<div class=\"pos_rel hxcms_cp_slide_content \">\n<div class=\"pos_rel hxcms_slide_content_inner\"><a class=\"fancybox\" title=\" (Bild: krone.at-Grafik, stock.adobe.com)\" href=\"http:\/\/imgl.krone.at\/Bilder_skaliert\/2017\/08\/09\/3beb04c9f11b417bc71a5c6bdd5c7dfe__4_jpg_1564623_1164.jpg\"><img loading=\"lazy\" decoding=\"async\" class=\"float_l\" title=\"Toter Rekrut: Jetzt berichten Augenzeugen! (Bild: krone.at-Grafik, stock.adobe.com)\" src=\"http:\/\/imgl.krone.at\/Bilder\/2017\/08\/09\/3beb04c9f11b417bc71a5c6bdd5c7dfe__4_jpg.jpg\" alt=\"Toter Rekrut: Jetzt berichten Augenzeugen! (Bild: krone.at-Grafik, stock.adobe.com)\" width=\"630\" height=\"356\" \/><\/a><\/div>\n<\/div>\n<div id=\"kmm_cp_slideshow_0_4_media_details\" class=\"media_details\">\n<div class=\"c_credits\">Foto: krone.at-Grafik, stock.adobe.com<\/div>\n<\/div>\n<\/div>\n<div class=\"c_content_pics c_desc_credit kmm_plugin\">\n<div class=\"pos_rel hxcms_cp_slide_content \">\n<div class=\"pos_rel hxcms_slide_content_inner\"><a class=\"fancybox\" title=\" (Bild: krone.at-Grafik, stock.adobe.com)\" href=\"http:\/\/imgl.krone.at\/Bilder_skaliert\/2017\/08\/09\/670b86d8a84f5e16a79db94477ef3a60__5_jpg_1564624_1164.jpg\"><img loading=\"lazy\" decoding=\"async\" class=\"float_l\" title=\"Toter Rekrut: Jetzt berichten Augenzeugen! (Bild: krone.at-Grafik, stock.adobe.com)\" src=\"http:\/\/imgl.krone.at\/Bilder\/2017\/08\/09\/670b86d8a84f5e16a79db94477ef3a60__5_jpg.jpg\" alt=\"Toter Rekrut: Jetzt berichten Augenzeugen! (Bild: krone.at-Grafik, stock.adobe.com)\" width=\"630\" height=\"356\" \/><\/a><\/div>\n<\/div>\n<div id=\"kmm_cp_slideshow_0_5_media_details\" class=\"media_details\">\n<div class=\"c_credits\">Foto: krone.at-Grafik, stock.adobe.com<\/div>\n<\/div>\n<\/div>\n<h3>Doskozil verspricht &#8222;klarere Vorgaben&#8220;<\/h3>\n<p>Verteidigungsminister Hans Peter Doskozil (SP\u00d6) stellte am Mittwochabend in der &#8222;ZiB 2&#8220; des ORF &#8222;klarere Vorgaben&#8220; f\u00fcr Ausbildner in Aussicht. Ob der verh\u00e4ngnisvolle Marsch in Nieder\u00f6sterreich vorschriftsm\u00e4\u00dfig erfolgte, sei &#8222;ein Punkt, den wir uns genau anschauen m\u00fcssen&#8220;. Es stelle sich etwa die Frage, ob es &#8222;notwendig ist, bei derartigen Temperaturen zu marschieren&#8220;.<\/p>\n<div class=\"c_content_pics c_desc_credit kmm_plugin\">\n<div class=\"pos_rel hxcms_cp_slide_content \">\n<div class=\"pos_rel hxcms_slide_content_inner\"><a class=\"fancybox\" title=\"Verteidigungsminister Doskozil (Bild: APA\/ROBERT JAEGER)\" href=\"http:\/\/imgl.krone.at\/Bilder_skaliert\/2017\/03\/14\/9da9931b782600685d758c956485f881__apaf989_tmp_jpg_1512538_1164.jpg\"><img loading=\"lazy\" decoding=\"async\" class=\"float_l\" title=\"Verteidigungsminister Doskozil (Bild: APA\/ROBERT JAEGER)\" src=\"http:\/\/imgl.krone.at\/Bilder\/2017\/03\/14\/9da9931b782600685d758c956485f881__apaf989_tmp_jpg.jpg\" alt=\"Verteidigungsminister Doskozil (Bild: APA\/ROBERT JAEGER)\" width=\"630\" height=\"356\" \/><\/a><\/div>\n<\/div>\n<div id=\"kmm_cp_slideshow_0_6_media_details\" class=\"media_details\">\n<div class=\"c_desc\">Verteidigungsminister Doskozil<\/div>\n<div class=\"c_credits\">Foto: APA\/ROBERT JAEGER<\/div>\n<\/div>\n<\/div>\n<p>Doskozil versprach, &#8222;alle Ergebnisse der Untersuchungskommissionen offenzulegen&#8220; und gegebenenfalls Konsequenzen zu ziehen. Gleichzeitig sagte der Minister, er verwehre sich gegen Pauschalverurteilungen des Bundesheeres bzw. im aktuellen tragischen Fall gegen &#8222;Vorverurteilungen&#8220;.<\/p>\n<p>&nbsp;<\/p>\n<p>http:\/\/www.krone.at<\/p>\n<p>&nbsp;<\/p>\n","protected":false},"excerpt":{"rendered":"<p>Brief von Soldaten Im\u00a0tragischen Todesfall in der Kaserne Horn ermitteln jetzt zwei Untersuchungskommissionen\u00a0, der Verteidigungsminister lie\u00df bereits einen Ausbildner beurlauben. Die genauen Gr\u00fcnde, warum der erst 19 Jahre alte Toni P. bei einem 7,2 Kilometer langen Marsch starb, sind noch nicht restlos gekl\u00e4rt. Jetzt meldeten sich aber drei Kameraden des toten Soldaten: Sie kritisieren die [&hellip;]<\/p>\n","protected":false},"author":2,"featured_media":0,"comment_status":"closed","ping_status":"closed","sticky":false,"template":"","format":"standard","meta":{"_jetpack_memberships_contains_paid_content":false,"footnotes":""},"categories":[19],"tags":[],"class_list":["post-1588","post","type-post","status-publish","format-standard","hentry","category-religion"],"jetpack_featured_media_url":"","jetpack_sharing_enabled":true,"_links":{"self":[{"href":"http:\/\/ichkeria.at\/index.php?rest_route=\/wp\/v2\/posts\/1588","targetHints":{"allow":["GET"]}}],"collection":[{"href":"http:\/\/ichkeria.at\/index.php?rest_route=\/wp\/v2\/posts"}],"about":[{"href":"http:\/\/ichkeria.at\/index.php?rest_route=\/wp\/v2\/types\/post"}],"author":[{"embeddable":true,"href":"http:\/\/ichkeria.at\/index.php?rest_route=\/wp\/v2\/users\/2"}],"replies":[{"embeddable":true,"href":"http:\/\/ichkeria.at\/index.php?rest_route=%2Fwp%2Fv2%2Fcomments&post=1588"}],"version-history":[{"count":3,"href":"http:\/\/ichkeria.at\/index.php?rest_route=\/wp\/v2\/posts\/1588\/revisions"}],"predecessor-version":[{"id":1592,"href":"http:\/\/ichkeria.at\/index.php?rest_route=\/wp\/v2\/posts\/1588\/revisions\/1592"}],"wp:attachment":[{"href":"http:\/\/ichkeria.at\/index.php?rest_route=%2Fwp%2Fv2%2Fmedia&parent=1588"}],"wp:term":[{"taxonomy":"category","embeddable":true,"href":"http:\/\/ichkeria.at\/index.php?rest_route=%2Fwp%2Fv2%2Fcategories&post=1588"},{"taxonomy":"post_tag","embeddable":true,"href":"http:\/\/ichkeria.at\/index.php?rest_route=%2Fwp%2Fv2%2Ftags&post=1588"}],"curies":[{"name":"wp","href":"https:\/\/api.w.org\/{rel}","templated":true}]}}