{"id":18049,"date":"2022-05-31T20:55:04","date_gmt":"2022-05-31T18:55:04","guid":{"rendered":"http:\/\/ichkeria.at\/?p=18049"},"modified":"2022-05-31T20:55:04","modified_gmt":"2022-05-31T18:55:04","slug":"wir-leben-ganz-normal-zu-gast-bei-einer-tschetschenischen-familie","status":"publish","type":"post","link":"http:\/\/ichkeria.at\/?p=18049&lang=de","title":{"rendered":"\u201eWIR LEBEN GANZ NORMAL\u201c &#8211; ZU GAST BEI EINER TSCHETSCHENISCHEN FAMILIE"},"content":{"rendered":"<div id=\"breadcrumb-top-wrapper\" class=\"clearfix element-invisible\">\n<div class=\"clearfix\">\n<p><img loading=\"lazy\" decoding=\"async\" title=\"Amina mit ihren Schwestern \" src=\"https:\/\/www.dasbiber.at\/sites\/default\/files\/styles\/large-16-9\/public\/field\/image\/amina_und_schwestern.jpeg?itok=5uEDU6kK\" alt=\".\" width=\"900\" height=\"506\" \/><\/p>\n<\/div>\n<\/div>\n<div class=\"region region-content\">\n<div id=\"block-system-main\" class=\"block-system\">\n<div class=\"block-inner clearfix\">\n<div class=\"block-content clearfix\">\n<div id=\"article-20876\" class=\"article node node-blog node-lang-de node-odd node-full clearfix\">\n<div class=\"section field field-name-field-blog-img field-type-image field-label-hidden\">\n<div class=\"field-items\">\n<div class=\"field-item odd\">\n<div id=\"file-28998\" class=\"file file-image file-image-jpeg\">\n<div class=\"content\">\n<div class=\"section field field-name-field-beschreibung field-type-text field-label-hidden\">\n<div class=\"field-items\">\n<div class=\"field-item odd\">Amina mit ihren Schwestern<\/div>\n<\/div>\n<\/div>\n<\/div>\n<\/div>\n<\/div>\n<\/div>\n<\/div>\n<div class=\"submitted\">Posted by\u00a0<a class=\"username\" title=\"Benutzerprofil anzeigen.\" href=\"https:\/\/www.dasbiber.at\/users\/justyna-pikusa\">Justyna Pikusa<\/a><span class=\"submitted-date\"><span class=\"date\">31<\/span><span class=\"month\">MAY<\/span><\/span><\/div>\n<div class=\"node-content\">\n<div class=\"section field field-name-body field-type-text-with-summary field-label-hidden\">\n<div class=\"field-items\">\n<div class=\"field-item odd\">\n<p>Ich bin gerade zu Gast bei Mitgliedern des Kulturvereins \u201eIchkeria\u201c, und sitze am Tisch mit Husein Iskhanov, dem Obmann, und seinen zwei Freunden. Im Hintergrund laufen Nachrichten \u00fcber die Ukraine. Ich spreche selbst Russisch, verfolge sowohl russische\u00a0oppositionelle &#8211; , als auch ukrainische Nachrichtensender auf Youtube\u00a0und kann deshalb mitreden. Vor mir steht ein bis zu den R\u00e4ndern gef\u00fcllter Tisch mit S\u00fc\u00dfigkeiten, Snacks und Getr\u00e4nken. Mein pers\u00f6nliches Highlight des Festmahls sind die \u201eManty\u201c, also dampfgegarte Teigtaschen mit Hackfleischf\u00fcllung, und einer Karotten-Zwiebel Sauce. Die Gastgeberin ist Mutter von vier Kindern, Hobbyk\u00f6chin und Food-Bloggerin. Nachdem sie alles serviert hat, setzt sie sich dazu, und redet mit uns \u00fcber Politik.<\/p>\n<p>&nbsp;<\/p>\n<div class=\"media media-element-container media-default\"><a class=\"colorbox init-colorbox-processed cboxElement\" title=\"Manty der Gastgeberin\" href=\"https:\/\/www.dasbiber.at\/sites\/default\/files\/13525496_1044730438952003_842117014_n_1.jpg\" data-colorbox-gallery=\"gallery-file-28990-3D8Es20txe8\" data-cbox-img-attrs=\"{&quot;title&quot;: &quot;Manty der Gastgeberin&quot;, &quot;alt&quot;: &quot;.&quot;}\"><img loading=\"lazy\" decoding=\"async\" class=\"media-element file-default\" title=\"Manty der Gastgeberin\" src=\"https:\/\/www.dasbiber.at\/sites\/default\/files\/13525496_1044730438952003_842117014_n_1.jpg\" alt=\".\" width=\"1080\" height=\"1080\" data-delta=\"4\" \/><\/a><\/p>\n<div class=\"section field field-name-field-beschreibung field-type-text field-label-hidden\">\n<div class=\"field-items\">\n<div class=\"field-item odd\">Manty: zubereitet von der Gastgeberin<\/div>\n<\/div>\n<\/div>\n<\/div>\n<p>\u201eDer lange Bart ist laut der tschetschenischen Tradition nur bei den \u00c4ltesten als Symbol f\u00fcr Weisheit verbreitet. Der moderne Salafisten-Look kommt aus dem arabischen Raum.\u201c, erkl\u00e4rt mir Husein Iskhanov, w\u00e4hrend er sich \u00fcber sein Kinn streichelt, um mir zu zeigen, dass er keinen Bart hat. Er ist Kritiker des russischen Regimes und wurde sogar zwei Mal in Russland gefangen genommen. \u201eMeine T\u00f6chter sind auf Demonstrationen aufgewachsen.\u201c, sagt er stolz, und isst ein St\u00fcck vom Kuchen, den die Gastgeberin selbst gebacken hat.<\/p>\n<p><strong>Der Krieg ist bei ihnen allgegenw\u00e4rtig<\/strong><\/p>\n<p>Als Gast bei einer tschetschenischen Familie kann ich mich gl\u00fccklich sch\u00e4tzen: \u201eWenn du als Gast in ein tschetschenisches Dorf kommst, ist das ganze Dorf f\u00fcr dein Wohlergehen verantwortlich.\u201c, erkl\u00e4rt mir Husein. Au\u00dferdem haben die Dorfbewohner in ihren H\u00e4usern traditionell ein Extra-G\u00e4stezimmer und m\u00fcssen laut altert\u00fcmlichen Regeln, die G\u00e4ste mit ihrem Leben besch\u00fctzen. Die Gastgeberin fragt mich immer wieder, ob ich etwas brauche, und bedient mich. Sie wischt nerv\u00f6s den Saft weg, den sie versch\u00fcttet hat, und bringt mir ein K\u00fcchentuch. Alles muss perfekt sein, wenn ich da bin.<\/p>\n<p>Im Fernseher sehe ich Akhmed Zakaev, einen tschetschenischen\u00a0Exilpolitiker, der gerade auf Staatsbesuch in Kyiv ist. Die Bilder aus der Ukraine bewegen alle im Raum. Der Krieg ist allgegenw\u00e4rtig. Die M\u00e4nner machen sich Sorgen, dass durch die Zerst\u00f6rung der ukrainischen Schulen viele Kinder zu einer Art \u201everlorenen Generation\u201c werden. \u201eDas war bei uns genauso ein Problem: viele Kinder wurden nicht alphabetisiert. Die sind heute in ihren 30ern und k\u00f6nnen der n\u00e4chsten Generation keine Bildung weitergeben.\u201c Die M\u00e4nner am Tisch regen sich \u00fcber radikale Prediger auf. Das damals verw\u00fcstete Tschetschenien bot f\u00fcr sie eine Art B\u00fchne: \u201eVor den beiden Kriegen war Tschetschenien s\u00e4kular. Wie fr\u00fcher Afghanistan, vor dem Einmarsch der roten Armee.\u201c, meint Husein Iskhanov.<\/p>\n<p>\u201eIch wei\u00df, wovon ich spreche\u201c, sagt einer der M\u00e4nner, \u201eIch war selbst mal kurz ein Teil so einer radikalen Gruppierung, ich wei\u00df, wie die ticken.\u201c Wenn einer radikal ist, dann leidet das Image der ganzen Community darunter. Das Ziel der M\u00e4nner vom Kulturverein ist es, radikalisierte Tschetschen:innen wieder ins Boot zu holen. Fast drei Jahre lang betreute Husein Iskhanov Jugendliche in der Justizanstalt Gerasdorf. Die Pandemie hat die Arbeit des Kulturvereins \u201eIchkeria\u201c erschwert. Der Vereins-Obmann ist nun auf der Suche nach R\u00e4umlichkeiten, um die Arbeit mit Jugendlichen fortzuf\u00fchren zu k\u00f6nnen. \u201eZum Gl\u00fcck haben heutzutage viele ein Smartphone und dokumentieren die Kriegsverbrechen. Damals war bei uns alles anders:\u00a0 Wegen der Informationsblockade war Tschetschenien von der Weltgemeinschaft abgekapselt.\u201c, sind sich alle einig, w\u00e4hrend im Hintergrund immer noch ukrainische Nachrichten laufen.<\/p>\n<p><strong>Ein kleiner Hoffnungsschimmer f\u00fcr die n\u00e4chsten Generationen<\/strong><\/p>\n<p>Die T\u00f6chter der Gastgeber-Familie sind da, aber sie verstehen nicht, wor\u00fcber wir reden, sie k\u00f6nnen kein Russisch. \u201eSie leben hier, und sind auch hier geboren. Das wichtigste ist, dass sie Deutsch und Tschetschenisch k\u00f6nnen.\u201c Die Alphabetisierung in der \u00f6sterreichischen Schule, hat auch ihr Tschetschenisch beeinflusst: sie verwenden untereinander das lateinische Alphabet mit Umlauten, um tschetschenische Laute abzubilden. Sie sind die Hoffnung f\u00fcr die n\u00e4chsten Generationen, aber auf ihnen lastet auch viel Druck. Die 12-j\u00e4hrige\u00a0<a href=\"https:\/\/www.instagram.com\/p\/CdvZNPhNzBV\/\">Amina<\/a>\u00a0hat den zweiten Platz bei einem<a href=\"https:\/\/at.usembassy.gov\/polar-bear-drawing-contest\/\">\u00a0Zeichenwettbewerb<\/a>\u00a0gewonnen. Das Thema des Wettbewerbs: die Gefahren des Klimawandels f\u00fcr die Arktis. Die Freude in der Familie ist gro\u00df. Vor kurzem kamen: der Vertreter und die Vertreterin der amerikanischen und kanadischen Botschaft in die Schule, um dem M\u00e4dchen zu gratulieren. Alle sind \u00fcberrascht, dass die Zeichnung bei der Jury so gut angekommen ist. Im Alltag machen ihr jedoch die negativen Schlagzeilen zu schaffen. Aminas Erfolg setzt nicht nur ein Zeichen f\u00fcr den Klimaschutz, sondern auch f\u00fcr die Akzeptanz von Tschetschen:innen in Wien. Amina zeigt mir auf ihrem Tablet die Eisb\u00e4ren-Zeichnung, und erkl\u00e4rt mir, dass sie sich das Malen mit der App \u201eibisPaint\u201c selbst beigebracht hat. Ihre Schwester spielt mir auf dem Keyboard ein St\u00fcck von \u201eAttack on Titan\u201c (Anm: Soundtrack aus einem Anime)\u00a0vor &#8211; ebenfalls Autodidaktin. Die Gastgeber bringen mir eine Gitarre und h\u00f6ren mir begeistert beim Spielen zu. Als meine Mutter anruft und mein kleines Konzert unterbricht, scherzen sie mit mir: \u201eHeb ab, und sag, dass du nicht aufgefressen wurdest, von den Tschetschenen.\u201c Sp\u00e4ter erkl\u00e4ren sie mir, dass in russischen M\u00e4rchen, Tschetschenen als Menschenfresser dargestellt wurden, um den Kindern Angst zu machen. Der Ursprung des negativen Image der Tschetschen:innen\u00a0 reicht weit zur\u00fcck in die Vergangenheit: die imperialistische Politik des Russischen Reiches formte es ma\u00dfgeblich.<\/p>\n<p>&nbsp;<\/p>\n<div class=\"media media-element-container media-default\"><a class=\"colorbox init-colorbox-processed cboxElement\" title=\"polar bear drawing contest: 2nd place\" href=\"https:\/\/www.dasbiber.at\/sites\/default\/files\/titelloses_19.jpg\" data-colorbox-gallery=\"gallery-file-28987-3D8Es20txe8\" data-cbox-img-attrs=\"{&quot;title&quot;: &quot;polar bear drawing contest: 2nd place&quot;, &quot;alt&quot;: &quot;.&quot;}\"><img loading=\"lazy\" decoding=\"async\" class=\"media-element file-default\" title=\"polar bear drawing contest: 2nd place\" src=\"https:\/\/www.dasbiber.at\/sites\/default\/files\/titelloses_19.jpg\" alt=\".\" width=\"3274\" height=\"2322\" data-delta=\"1\" \/><\/a><\/p>\n<div class=\"section field field-name-field-beschreibung field-type-text field-label-hidden\">\n<div class=\"field-items\">\n<div class=\"field-item odd\">Amina K.<\/div>\n<\/div>\n<\/div>\n<\/div>\n<p>&nbsp;<\/p>\n<div class=\"media media-element-container media-default\"><a class=\"colorbox init-colorbox-processed cboxElement\" title=\"Amina\" href=\"https:\/\/www.dasbiber.at\/sites\/default\/files\/amina.jpeg\" data-colorbox-gallery=\"gallery-file-28995-3D8Es20txe8\" data-cbox-img-attrs=\"{&quot;title&quot;: &quot;Amina&quot;, &quot;alt&quot;: &quot;.&quot;}\"><img loading=\"lazy\" decoding=\"async\" class=\"media-element file-default\" title=\"Amina\" src=\"https:\/\/www.dasbiber.at\/sites\/default\/files\/amina.jpeg\" alt=\".\" width=\"1536\" height=\"2048\" data-delta=\"5\" \/><\/a><\/p>\n<div class=\"section field field-name-field-beschreibung field-type-text field-label-hidden\">\n<div class=\"field-items\">\n<div class=\"field-item odd\">Amina<\/div>\n<\/div>\n<\/div>\n<\/div>\n<p><strong>Weltbild gepr\u00e4gt durch Krieg<\/strong><\/p>\n<p>Der ewige Widerstandskampf der Tschetschenen pr\u00e4gte die Traditionen und auch ihre Sprache: Sie begr\u00fc\u00dfen und verabschieden sich auf tschetschenisch mit \u201eKomme an in Freiheit\u201c \u201eLebe frei\u201c, \u201eGeh in Freiheit\u201c bzw. \u201eBleib frei\/in Freiheit\u201c. Die Gastgeber erkl\u00e4ren mir: \u201eDie Freiheit ist f\u00fcr uns ein wichtiger Wert\u201c. Als Abschiedsgeschenk schenkt mir Aminas Mama Schmuck und ich werde von der Familie nach Hause begleitet. \u201eWenn du Hilfe brauchst, kannst du uns sogar um drei Uhr in der Nacht anrufen.\u201c Auch wenn ich keine Angst habe, allein am Abend nach Hause zu gehen, und auch kein Krieg herrscht, ist es bei ihnen \u00fcblich. Laut tschetschenischer Tradition tragen Gastgeber auch hinter der T\u00fcrschwelle die Verantwortung f\u00fcr den Gast.<\/p>\n<div class=\"showdate\">31. Mai 2022<\/div>\n<div class=\"section field field-name-field-blog-img field-type-image field-label-hidden\">\n<div class=\"field-items\">\n<div class=\"field-item odd\">\n<div id=\"file-28998\" class=\"file file-image file-image-jpeg\">\n<h2 class=\"element-invisible\"><a href=\"https:\/\/www.dasbiber.at\/file\/aminaundschwesternjpeg-0\">amina_und_schwestern.jpeg<\/a><\/h2>\n<p>https:\/\/www.dasbiber.at\/blog\/wir-leben-ganz-normal-zu-gast-bei-einer-tschetschenischen-familie<\/p>\n<\/div>\n<\/div>\n<\/div>\n<\/div>\n<\/div>\n<\/div>\n<\/div>\n<\/div>\n<\/div>\n<\/div>\n<\/div>\n<\/div>\n<\/div>\n","protected":false},"excerpt":{"rendered":"<p>Amina mit ihren Schwestern Posted by\u00a0Justyna Pikusa31MAY Ich bin gerade zu Gast bei Mitgliedern des Kulturvereins \u201eIchkeria\u201c, und sitze am Tisch mit Husein Iskhanov, dem Obmann, und seinen zwei Freunden. Im Hintergrund laufen Nachrichten \u00fcber die Ukraine. Ich spreche selbst Russisch, verfolge sowohl russische\u00a0oppositionelle &#8211; , als auch ukrainische Nachrichtensender auf Youtube\u00a0und kann deshalb mitreden. [&hellip;]<\/p>\n","protected":false},"author":14,"featured_media":18050,"comment_status":"closed","ping_status":"closed","sticky":false,"template":"","format":"standard","meta":{"_jetpack_memberships_contains_paid_content":false,"footnotes":""},"categories":[155],"tags":[],"class_list":["post-18049","post","type-post","status-publish","format-standard","has-post-thumbnail","hentry","category-diaspora"],"jetpack_featured_media_url":"http:\/\/ichkeria.at\/wp-content\/uploads\/2022\/05\/amina_und_schwestern-e1654023270687.jpeg","jetpack_sharing_enabled":true,"_links":{"self":[{"href":"http:\/\/ichkeria.at\/index.php?rest_route=\/wp\/v2\/posts\/18049","targetHints":{"allow":["GET"]}}],"collection":[{"href":"http:\/\/ichkeria.at\/index.php?rest_route=\/wp\/v2\/posts"}],"about":[{"href":"http:\/\/ichkeria.at\/index.php?rest_route=\/wp\/v2\/types\/post"}],"author":[{"embeddable":true,"href":"http:\/\/ichkeria.at\/index.php?rest_route=\/wp\/v2\/users\/14"}],"replies":[{"embeddable":true,"href":"http:\/\/ichkeria.at\/index.php?rest_route=%2Fwp%2Fv2%2Fcomments&post=18049"}],"version-history":[{"count":1,"href":"http:\/\/ichkeria.at\/index.php?rest_route=\/wp\/v2\/posts\/18049\/revisions"}],"predecessor-version":[{"id":18051,"href":"http:\/\/ichkeria.at\/index.php?rest_route=\/wp\/v2\/posts\/18049\/revisions\/18051"}],"wp:featuredmedia":[{"embeddable":true,"href":"http:\/\/ichkeria.at\/index.php?rest_route=\/wp\/v2\/media\/18050"}],"wp:attachment":[{"href":"http:\/\/ichkeria.at\/index.php?rest_route=%2Fwp%2Fv2%2Fmedia&parent=18049"}],"wp:term":[{"taxonomy":"category","embeddable":true,"href":"http:\/\/ichkeria.at\/index.php?rest_route=%2Fwp%2Fv2%2Fcategories&post=18049"},{"taxonomy":"post_tag","embeddable":true,"href":"http:\/\/ichkeria.at\/index.php?rest_route=%2Fwp%2Fv2%2Ftags&post=18049"}],"curies":[{"name":"wp","href":"https:\/\/api.w.org\/{rel}","templated":true}]}}