{"id":18101,"date":"2022-06-11T15:25:58","date_gmt":"2022-06-11T13:25:58","guid":{"rendered":"http:\/\/ichkeria.at\/?p=18101"},"modified":"2022-06-11T15:25:58","modified_gmt":"2022-06-11T13:25:58","slug":"tschetschenien-syrien-ukraine","status":"publish","type":"post","link":"http:\/\/ichkeria.at\/?p=18101&lang=de","title":{"rendered":"Tschetschenien\u2013Syrien\u2013Ukraine"},"content":{"rendered":"<div id=\"pageContainer1\" class=\"_page_1ucxj_97 \" data-index=\"0\">1. Tschetschenien\u2013Syrien\u2013Ukraine.<\/div>\n<div class=\"_page_1ucxj_97 \" data-index=\"0\"><\/div>\n<div class=\"_page_1ucxj_97 \" data-index=\"0\">Tschetschenien, Syrien und die Ukraine\u2013auf den ersten Blick v\u00f6llig unterschiedliche L\u00e4nder mit einer g\u00e4nzlich anderen Geschichte. Was diese L\u00e4nder allerdings miteinander verbindet, sind Putins \u201egeopolitische Interessen\u201c und die Kriege, die von Russland aus gegen diese L\u00e4nder gef\u00fchrt werden. Putins Einstieg in die Politik war der zweite Krieg gegen Tschetschenien, der 1999 nur 3 Jahre nachdem ersten Tschetschenienkrieg begann. Wie auch der Krieg gegen die Ukraine oder der Krieg in Syrien wurde auch dieser Krieg in der russischen Propaganda nicht als Krieg, sondern als \u201eAntiterroreinsatz\u201c bezeichnet. Was diese Kriege au\u00dferdem miteinander verbindet, ist die Art der Kriegsf\u00fchrung. Der zweite Krieg gegen Tschetschenien war ein klassischer \u201edirty war\u201c, in dem auf russischer Seite haupts\u00e4chlich S\u00f6ldner zum Einsatz kamen, die unglaubliche Kriegsverbrechen an der Zivilbev\u00f6lkerung begingen. Damals hat man das in Europa als \u201einnere Angelegenheit Russlands \u201cbetrachtet und lie\u00df Putin gew\u00e4hren. So auch in Syrien, wo Putin das Assad-Regimest\u00fctzte, das mit einer unglaublichen Brutalit\u00e4t gegen die eigene Bev\u00f6lkerung vorging. Auch in diesem Krieg spielten russische S\u00f6ldner eine entscheidende Rolle. Die Gruppe Wagner erreichte internationale Bekanntheit, da sie ihre eigenen Kriegsverbrechenfilmte und ins Netz stellte. Der russische Spin von Assad als legitimen syrischen Pr\u00e4sidenten wurde von Europa nach und nach \u00fcbernommen; Hauptsache \u201eStabilit\u00e4t\u201c in der Region, damit keine Fl\u00fcchtlinge mehrkommen. Millionen Menschen mussten fl\u00fcchten, w\u00e4hrend sich tausende Menschen aus Europa und der ganzen Welt auf Richtung Syrien machten und sich unterschiedlichen Gruppen anschlossen, die gegen das Assad-Regime k\u00e4mpften, viele davon dem sogenannten \u201eIslamischen Staat\u201c. Im europ\u00e4ischen Vergleich z\u00e4hlt \u00d6sterreich die zweitmeisten Foreign Fighters. 334 in \u00d6sterreich lebende Personen sind oder haben versucht aus zu reisen, um sich dem sogenannten \u201eIslamischen Staat\u201c anzuschie\u00dfen. Der Gro\u00dfteil der \u00f6sterreichischen Foreign Fighters in Syrien besteht aus Menschen mit tschetschenischen Wurzeln. F\u00fcr viele spielte dabei die Geschichte vom Globalen Dschihad oder die Propaganda des sogenannten \u201eIslamischen Staates\u201c keine gro\u00dfe Rolle. Viele junge Menschen sahen in Syrien die M\u00f6glichkeit, den Kampffortzusetzen, den die Generation ihrer Eltern verloren hatte. Erleben wir jetzt im Kontext des Krieges gegen die Ukraine eine \u00e4hnliche Dynamik? Tschetschenen k\u00e4mpfen auf beiden Seiten, auf der Seite der russischen F\u00f6deration gezwungenerma\u00dfen von Kadyrov und auf der Seite\u00a0 Ukraine k\u00e4mpfen unter anderem bereits seit 2014 die Bataillone \u201eSheykh Mansur\u201c und \u201eDschovchar Dudajev\u201c. Russische Seite Wir stehen mit jungen Tschetschenen, die von \u00d6sterreich aus in die russische F\u00f6deration abgeschoben wurden, in Kontakt. Sie haben furchtbare Angst, den Einberufungsbefehl zu bekommen und bereiten sich darauf vor, erneut zu fl\u00fcchten, denn sie wollen nicht f\u00fcr Putin in den Krieg ziehen. Am 25.Februar versammelte Kadyrov nach eigenen Angaben \u201e12 000 Soldaten, die jeden seiner Befehle ausf\u00fchren w\u00fcrden und sofort bereit seien, f\u00fcr Putin in den Krieg gegen die Ukraine zu k\u00e4mpfen. Sie seien so stark, dass er der Ukraine empfiehlt, aufzugeben. \u201cViele westliche Medien haben diese Propaganda 1:1 \u00fcbernommen, doch es gab nie \u201e12 000 Soldaten. \u201cDie Menschen, die dort versammelt wurden, waren zu einem gro\u00dfen Teil Sicherheitskr\u00e4fte, Polizisten und vor allem Jugendliche, die gezwungen wurden, eine Uniform anzuziehen und sich hinzustellen. Die \u201e12 000 Soldaten\u201c wurden auch nicht in die Ukraine geschickt. Nachdem das Videoaufgenommen wurde, sind alle wieder zur\u00fcck nach Hause gegangen. Bereits 2014, zu Beginn des Krieges im Donbass, versammelte Kadyrov \u201eseine Soldaten\u201c, um sie in die Ukraine zu schicken. Suleyman Gesmakhmajev war damals dabei, mittlerweile ist er aus Tschetschenien geflohen und sagte gegen\u00fcber der Novaya Gazeta, dass die Waffen, die sie f\u00fcr diese Machtdemonstration in die Hand gedr\u00fcckt bekommen haben, alle ungeladen waren, weil Kadyrov zu viel Angst vor seinen eigenen Leuten hat.<\/div>\n<div id=\"pageContainer2\" class=\"_page_1ucxj_97 \" data-index=\"1\">\n<div class=\"_imgLayer_1ucxj_60\"><\/div>\n<div><\/div>\n<div class=\"_imgLayer_1ucxj_60\">2. Es Es k\u00e4mpfen maximal ein paar Tausend Soldaten aus Tschetschenien in der Ukraine, die man in drei Kategorien einteilen kann:<\/div>\n<\/div>\n<div data-index=\"1\"><\/div>\n<div id=\"pageContainer2\" class=\"_page_1ucxj_97 \" data-index=\"1\">1) Kadyrovs engste Leute, die sich an den K\u00e4mpfen gar nicht beteiligen, sondern haupts\u00e4chlich Videos f\u00fcr TikTok und Instagram machen. Dementsprechend unbeliebt sind sie auch bei den anderen Soldaten.<\/div>\n<div id=\"pageContainer2\" class=\"_page_1ucxj_97 \" data-index=\"1\">2)Junge Tschetschenen (auch viele geistig beeintr\u00e4chtigte Personen), die dazu gezwungen werden und als Kanonenfutter an die Front geschickt werden. Die meisten werden vor die Wahl gestellt: 10-12Jahre Gef\u00e4ngnis oder Krieg.3)Einfache Arbeiter, die f\u00fcr 300 000 Rubel (umgerechnet ca. 3334 Euro) angeworben wurden. Sie haben keine Kriegserfahrung, k\u00f6nnen zumeist nicht mal eine Waffe bedienen oder ein Motorradfahren. Ukrainische Seite Sollen junge Tschetschen*innen in die Ukraine fahren und sich dem dortigen Kampf gegen das Putin-Regime anschlie\u00dfen? Akhmed Zakayev, Exil-Pr\u00e4sident der tschetschenischen Republik Ichkeria, antwortet auf diese Frage anl\u00e4sslich einer Konferenz zum Ukraine-Krieg in Br\u00fcssel im Februar 2022: \u201eUnsere volle Solidarit\u00e4t an das ukrainische Volk in ihrem Kampf gegen des Putin-Regime. Euch junge Leute in den Krieg zu schicken hat keinen Vorteil f\u00fcr uns. Ihr m\u00fcsst einen eigenen Weg einschlagen, damit wir als Volk eine Zukunft haben und die n\u00e4chste Generation in einem freien Tschetschenien leben kann. \u201cStell dir vor es ist Krieg und keiner geht hin\u2013junge M\u00e4nner, egal ob aus der russischen F\u00f6deration oder Syrien, die fl\u00fcchten damit sie nicht einr\u00fccken und sich an den Verbrechen des Putin-oder Assad-Regimes beteiligen m\u00fcssen sind wahre Helden, egal ob sie blaue oder braune Augen haben! Nebeneinem baldigen Frieden in der Ukraine und in Syrien hoffen wir vor allem, dass das BFA nicht auf die Idee kommt, weiterhin Menschen in die russische F\u00f6deration abzuschieben. Autoreninfos: Fabian Reicher, geb. 1987, arbeitet als Sozialarbeiter bei der Beratungsstelle Extremismus im Bereich der Ausstiegs-und Distanzierungsarbeit. Davor war er sechs Jahre als Streetworkerin Wien t\u00e4tig und besch\u00e4ftigte sich haupts\u00e4chlich mit der dschihadistischen Jugendsubkultur. Er ist Mitgr\u00fcnder mehrerer Online-Streetwork Initiativen, unter anderem das von der Europ\u00e4ischen Kommission als bestpractice ausgezeichnete Projekt Jamal al-Khatib\u2013Mein Weg. Reicher lehrt an den verschiedensten Hochschulen \u00d6sterreichs, arbeitet international als Referent und kann auf diverse wissenschaftliche Ver\u00f6ffentlichungen zur\u00fcckblicken, wie zu Letzt Die W\u00fctenden. Warum wir im Umgang mit dschihadistischem Terror radikal umdenken m\u00fcssen, das im Februar 2022 im Westend Verlag erschien. Adam: Adam 19 Jahre jung, Mitglied eines Verein namens Ichkeria-t\u00e4tig als Speaker sowie Br\u00fcckenbauerinder tschetschenischen Diaspora Community. Schlie\u00dft dem n\u00e4chst eine Lehre als Applikationsentwickler ab. Die Freizeit wird genutzt meist f\u00fcrs kreative sowie Skateboarden, Training oder sogar f\u00fcr Programmiere Aufgaben.<\/div>\n<div data-index=\"1\"><\/div>\n<div data-index=\"1\">Viele junge Tschetschen*innen wissen oft nur sehr wenig \u00fcber ihre eigene Geschichte. Vor allem aber au\u00dferhalb der Diaspora-Communities herrscht gro\u00dfes Unwissen \u00fcber zentrale Ereignisse in der tschetschenischen Geschichtsschreibung. In der Videoserie \u201eCHECHNYA\u2013Der Tag an dem ich meine Heimat verlassen musste\u201c behandelte Team Jamal daher zentrale Ereignisse der j\u00fcngeren tschetschenischen Geschichte: Die Deportationen von Tschetschen*innen durch das Stalinregime1944 und die darauffolgenden Tschetschenien-Kriege. Dabei wurden alternative Narrative entwickelt, einer seits zu den im Diskurs zur tschetschenischen Geschichte dominierenden M\u00e4rtyrer-, Krieger-, aber auch Opfernarrativen, andererseits zu den in der Gesellschaft vorherrschenden rassistischen und kulturalistischen Ressentiments.<\/div>\n<div data-index=\"1\"><\/div>\n<div data-index=\"1\">Autoreninfos: Fabian Reicher, geb. 1987, arbeitet als Sozialarbeiter bei der Beratungsstelle Extremismusim Bereichder Ausstiegs-und Distanzierungsarbeit. Davor war er sechs Jahre als Streetworkerin Wien t\u00e4tig und besch\u00e4ftigte sich haupts\u00e4chlich mit der dschihadistischen Jugendsubkultur. Er ist Mitgr\u00fcnder mehrererOnline-Streetwork Initiativen, unter anderem das von der Europ\u00e4ischen Kommission als best practice aus gezeichnete Projekt Jamal al-Khatib\u2013Mein Weg.Reicher lehrt an den verschiedensten Hochschulen \u00d6sterreichs, arbeitet international als Referent und kann auf diverse wissenschaftliche Ver\u00f6ffentlichungen zur\u00fcckblicken, wie zu letzt Die W\u00fctenden. Warum wir im Umgang mit dschihadistischem Terror radikal umdenken m\u00fcssen, das im Februar 2022 im Westend Verlagerschien.<\/div>\n<div data-index=\"1\"><\/div>\n<div data-index=\"1\">Adam: Adam 19 Jahre jung, Mitglied eines Verein namens Ichkeria-t\u00e4tig als Speaker sowie Br\u00fcckenbauerinder tschetschenischen Diaspora Community. Schlie\u00dft dem n\u00e4chst eine Lehre als Applikationsentwickler ab. Die Freizeit wird genutzt meist f\u00fcrs kreative sowie Skateboarden, Training oder sogar f\u00fcr Programmier Aufgaben. Infokasten: Videoserie: Chechnya\u2013der Tag an dem ich meine Heimat verlassen musste<\/div>\n<div data-index=\"1\"><\/div>\n<div data-index=\"1\">Hier geht\u2019s zur Serie: Serie:\u00a0<a href=\"https:\/\/www.youtube.com\/watch?v=yItlyMjOMTk&amp;list=PLmgjyXI0BWIGr8hf-ZEFqz_U1btqlEbdG\">https:\/\/www.youtube.com\/watch?v=yItlyMjOMTk&amp;list=PLmgjyXI0BWIGr8hf-ZEFqz_U1btqlEbdG<\/a><\/p>\n<div class=\"_linksLayer_1ucxj_39\"><\/div>\n<\/div>\n<div data-index=\"1\">Serie:\u00a0<a href=\"https:\/\/www.turnprevention.com\/_files\/ugd\/0cc6d7_8e8423ce2a1d43e8a1cfc9af643237b4.pdf\">https:\/\/www.turnprevention.com\/_files\/ugd\/0cc6d7_8e8423ce2a1d43e8a1cfc9af643237b4.pdf<\/a><\/div>\n<div data-index=\"1\"><\/div>\n<div data-index=\"1\"><img loading=\"lazy\" decoding=\"async\" class=\"alignnone size-full wp-image-18103\" src=\"http:\/\/ichkeria.at\/wp-content\/uploads\/2022\/06\/Fabian.jpg\" alt=\"\" width=\"768\" height=\"1024\" srcset=\"http:\/\/ichkeria.at\/wp-content\/uploads\/2022\/06\/Fabian.jpg 768w, http:\/\/ichkeria.at\/wp-content\/uploads\/2022\/06\/Fabian-225x300.jpg 225w\" sizes=\"auto, (max-width: 768px) 100vw, 768px\" \/><\/div>\n<div data-index=\"1\"><\/div>\n<div data-index=\"1\"><img loading=\"lazy\" decoding=\"async\" class=\"alignnone size-full wp-image-18104\" src=\"http:\/\/ichkeria.at\/wp-content\/uploads\/2022\/06\/Fabian2.jpg\" alt=\"\" width=\"768\" height=\"1024\" srcset=\"http:\/\/ichkeria.at\/wp-content\/uploads\/2022\/06\/Fabian2.jpg 768w, http:\/\/ichkeria.at\/wp-content\/uploads\/2022\/06\/Fabian2-225x300.jpg 225w\" sizes=\"auto, (max-width: 768px) 100vw, 768px\" \/><\/div>\n<div data-index=\"1\"><\/div>\n<div data-index=\"1\"><img loading=\"lazy\" decoding=\"async\" class=\"alignnone  wp-image-18105\" src=\"http:\/\/ichkeria.at\/wp-content\/uploads\/2022\/06\/Adamplakat.jpg\" alt=\"\" width=\"767\" height=\"1026\" srcset=\"http:\/\/ichkeria.at\/wp-content\/uploads\/2022\/06\/Adamplakat.jpg 1079w, http:\/\/ichkeria.at\/wp-content\/uploads\/2022\/06\/Adamplakat-224x300.jpg 224w, http:\/\/ichkeria.at\/wp-content\/uploads\/2022\/06\/Adamplakat-766x1024.jpg 766w, http:\/\/ichkeria.at\/wp-content\/uploads\/2022\/06\/Adamplakat-768x1027.jpg 768w\" sizes=\"auto, (max-width: 767px) 100vw, 767px\" \/><\/div>\n<div data-index=\"1\"><\/div>\n<div data-index=\"1\"><\/div>\n<div class=\"_page_1ucxj_97 \" data-index=\"1\"><\/div>\n","protected":false},"excerpt":{"rendered":"<p>1. Tschetschenien\u2013Syrien\u2013Ukraine. Tschetschenien, Syrien und die Ukraine\u2013auf den ersten Blick v\u00f6llig unterschiedliche L\u00e4nder mit einer g\u00e4nzlich anderen Geschichte. Was diese L\u00e4nder allerdings miteinander verbindet, sind Putins \u201egeopolitische Interessen\u201c und die Kriege, die von Russland aus gegen diese L\u00e4nder gef\u00fchrt werden. Putins Einstieg in die Politik war der zweite Krieg gegen Tschetschenien, der 1999 nur 3 [&hellip;]<\/p>\n","protected":false},"author":14,"featured_media":18102,"comment_status":"closed","ping_status":"closed","sticky":false,"template":"","format":"standard","meta":{"_jetpack_memberships_contains_paid_content":false,"footnotes":""},"categories":[155],"tags":[],"class_list":["post-18101","post","type-post","status-publish","format-standard","has-post-thumbnail","hentry","category-diaspora"],"jetpack_featured_media_url":"http:\/\/ichkeria.at\/wp-content\/uploads\/2022\/06\/Adam-Ipaev-e1654953834269.jpg","jetpack_sharing_enabled":true,"_links":{"self":[{"href":"http:\/\/ichkeria.at\/index.php?rest_route=\/wp\/v2\/posts\/18101","targetHints":{"allow":["GET"]}}],"collection":[{"href":"http:\/\/ichkeria.at\/index.php?rest_route=\/wp\/v2\/posts"}],"about":[{"href":"http:\/\/ichkeria.at\/index.php?rest_route=\/wp\/v2\/types\/post"}],"author":[{"embeddable":true,"href":"http:\/\/ichkeria.at\/index.php?rest_route=\/wp\/v2\/users\/14"}],"replies":[{"embeddable":true,"href":"http:\/\/ichkeria.at\/index.php?rest_route=%2Fwp%2Fv2%2Fcomments&post=18101"}],"version-history":[{"count":1,"href":"http:\/\/ichkeria.at\/index.php?rest_route=\/wp\/v2\/posts\/18101\/revisions"}],"predecessor-version":[{"id":18106,"href":"http:\/\/ichkeria.at\/index.php?rest_route=\/wp\/v2\/posts\/18101\/revisions\/18106"}],"wp:featuredmedia":[{"embeddable":true,"href":"http:\/\/ichkeria.at\/index.php?rest_route=\/wp\/v2\/media\/18102"}],"wp:attachment":[{"href":"http:\/\/ichkeria.at\/index.php?rest_route=%2Fwp%2Fv2%2Fmedia&parent=18101"}],"wp:term":[{"taxonomy":"category","embeddable":true,"href":"http:\/\/ichkeria.at\/index.php?rest_route=%2Fwp%2Fv2%2Fcategories&post=18101"},{"taxonomy":"post_tag","embeddable":true,"href":"http:\/\/ichkeria.at\/index.php?rest_route=%2Fwp%2Fv2%2Ftags&post=18101"}],"curies":[{"name":"wp","href":"https:\/\/api.w.org\/{rel}","templated":true}]}}