{"id":4748,"date":"2018-01-06T03:51:53","date_gmt":"2018-01-06T01:51:53","guid":{"rendered":"http:\/\/ichkeria.at\/?p=4748"},"modified":"2018-01-06T03:51:53","modified_gmt":"2018-01-06T01:51:53","slug":"wien-koennte-berittene-polizei-bekommen","status":"publish","type":"post","link":"http:\/\/ichkeria.at\/?p=4748&lang=de","title":{"rendered":"Wien k\u00f6nnte berittene Polizei bekommen"},"content":{"rendered":"<div class=\"story_head\">\n<div class=\"story_titles\">\n<figure id=\"attachment_4749\" aria-describedby=\"caption-attachment-4749\" style=\"width: 552px\" class=\"wp-caption alignleft\"><img loading=\"lazy\" decoding=\"async\" class=\"wp-image-4749 size-full\" src=\"http:\/\/ichkeria.at\/wp-content\/uploads\/2018\/01\/-e1515203471628.jpg\" alt=\"\" width=\"552\" height=\"331\" \/><figcaption id=\"caption-attachment-4749\" class=\"wp-caption-text\">Symbolbild \u2013 APA\/dpa\/Julian Stratenschulte<\/figcaption><\/figure>\n<p class=\"article__lead\"><strong>Kickl-Sprecher P\u00f6lzl best\u00e4tigt das Projekt. Erster Ansprechpartner sei der Wiener Landespolizeipr\u00e4sident P\u00fcrstl.<\/strong><\/p>\n<p>Mit der \u00dcbernahme des Innenministeriums durch die FP\u00d6 d\u00fcrfte die Diskussion um die berittene Polizei in Wien neuen Schwung erhalten. &#8222;Innenminister Herbert Kickl (FP\u00d6) wird das Projekt wohlwollend pr\u00fcfen lassen&#8220;, best\u00e4tigte der Sprecher des Ministers, Christoph P\u00f6lzl, am Donnerstagabend einen entsprechenden Bericht des &#8222;Kurier&#8220;.<\/p>\n<p>&#8222;Das ist ja eine langj\u00e4hrige Forderung der FP\u00d6&#8220;, sagte P\u00f6lzl. Kickl wolle nun &#8222;sachlich objektiv nach budget- und einsatztaktischen Kriterien&#8220; evaluieren lassen, ob und inwiefern die berittene Polizei f\u00fcr Wien Sinn macht. Danach soll entschieden werden, wie es weitergeht. Klar sei, so P\u00f6lzl, dass das Thema jedenfalls mit dem Wiener Landespolizeipr\u00e4sidenten Gerhard P\u00fcrstl besprochen werden muss.<\/p>\n<p>Im &#8222;Kurier&#8220; wurde der burgenl\u00e4ndische Landeshauptmannstellvertreter Johann Tsch\u00fcrtz (FP\u00d6) damit zitiert, dass in Wien Polizisten mit Pferden &#8222;praktisch fix&#8220; seien. &#8222;In Wien macht es mehr Sinn, weil es viele Parks und unsichere Ecken gibt. Au\u00dferdem finden mehr Demonstrationen statt.&#8220;<\/p>\n<p>&nbsp;<\/p>\n<p>https:\/\/diepresse.com<\/p>\n<\/div>\n<\/div>\n","protected":false},"excerpt":{"rendered":"<p>Kickl-Sprecher P\u00f6lzl best\u00e4tigt das Projekt. Erster Ansprechpartner sei der Wiener Landespolizeipr\u00e4sident P\u00fcrstl. Mit der \u00dcbernahme des Innenministeriums durch die FP\u00d6 d\u00fcrfte die Diskussion um die berittene Polizei in Wien neuen Schwung erhalten. &#8222;Innenminister Herbert Kickl (FP\u00d6) wird das Projekt wohlwollend pr\u00fcfen lassen&#8220;, best\u00e4tigte der Sprecher des Ministers, Christoph P\u00f6lzl, am Donnerstagabend einen entsprechenden Bericht des [&hellip;]<\/p>\n","protected":false},"author":2,"featured_media":0,"comment_status":"closed","ping_status":"closed","sticky":false,"template":"","format":"standard","meta":{"_jetpack_memberships_contains_paid_content":false,"footnotes":""},"categories":[19],"tags":[],"class_list":["post-4748","post","type-post","status-publish","format-standard","hentry","category-religion"],"jetpack_featured_media_url":"","jetpack_sharing_enabled":true,"_links":{"self":[{"href":"http:\/\/ichkeria.at\/index.php?rest_route=\/wp\/v2\/posts\/4748","targetHints":{"allow":["GET"]}}],"collection":[{"href":"http:\/\/ichkeria.at\/index.php?rest_route=\/wp\/v2\/posts"}],"about":[{"href":"http:\/\/ichkeria.at\/index.php?rest_route=\/wp\/v2\/types\/post"}],"author":[{"embeddable":true,"href":"http:\/\/ichkeria.at\/index.php?rest_route=\/wp\/v2\/users\/2"}],"replies":[{"embeddable":true,"href":"http:\/\/ichkeria.at\/index.php?rest_route=%2Fwp%2Fv2%2Fcomments&post=4748"}],"version-history":[{"count":1,"href":"http:\/\/ichkeria.at\/index.php?rest_route=\/wp\/v2\/posts\/4748\/revisions"}],"predecessor-version":[{"id":4750,"href":"http:\/\/ichkeria.at\/index.php?rest_route=\/wp\/v2\/posts\/4748\/revisions\/4750"}],"wp:attachment":[{"href":"http:\/\/ichkeria.at\/index.php?rest_route=%2Fwp%2Fv2%2Fmedia&parent=4748"}],"wp:term":[{"taxonomy":"category","embeddable":true,"href":"http:\/\/ichkeria.at\/index.php?rest_route=%2Fwp%2Fv2%2Fcategories&post=4748"},{"taxonomy":"post_tag","embeddable":true,"href":"http:\/\/ichkeria.at\/index.php?rest_route=%2Fwp%2Fv2%2Ftags&post=4748"}],"curies":[{"name":"wp","href":"https:\/\/api.w.org\/{rel}","templated":true}]}}