{"id":4751,"date":"2018-01-06T03:57:18","date_gmt":"2018-01-06T01:57:18","guid":{"rendered":"http:\/\/ichkeria.at\/?p=4751"},"modified":"2018-01-06T03:57:18","modified_gmt":"2018-01-06T01:57:18","slug":"asylwerber-in-kasernen-haeupl-nicht-notwendig","status":"publish","type":"post","link":"http:\/\/ichkeria.at\/?p=4751&lang=de","title":{"rendered":"Asylwerber in Kasernen? H\u00e4upl: \u201eNicht notwendig\u201c"},"content":{"rendered":"<div class=\"box col-xs-12  c_title \">\n<div class=\"c_outer\">\n<figure id=\"attachment_4752\" aria-describedby=\"caption-attachment-4752\" style=\"width: 460px\" class=\"wp-caption alignleft\"><img loading=\"lazy\" decoding=\"async\" class=\"wp-image-4752 size-full\" src=\"http:\/\/ichkeria.at\/wp-content\/uploads\/2018\/01\/-e1515203807902.jpg\" alt=\"\" width=\"460\" height=\"260\" \/><figcaption id=\"caption-attachment-4752\" class=\"wp-caption-text\">Foto: APA\/HELMUT FOHRINGER, APA\/HANS KLAUS TECHT, krone.at-Grafik<\/figcaption><\/figure>\n<p><strong>Der Vorschlag der FP\u00d6, Asylwerber in Kasernen unterzubringen, hat innenpolitisch geh\u00f6rig Staub aufgewirbelt. Wiens B\u00fcrgermeister Michael H\u00e4upl (SP\u00d6) bezeichnete den Vorschlag von FP\u00d6-Chef Heinz-Christian Strache als &#8222;nicht n\u00f6tig&#8220;, eine Ausgangssperre h\u00e4lt er f\u00fcr &#8222;Unsinn&#8220;. Auch die Freiheitlichen ruderten am Freitagnachmittag zur\u00fcck: Strache erkl\u00e4rte, er sei &#8222;missinterpretiert&#8220; worden.<\/strong><\/p>\n<\/div>\n<\/div>\n<div class=\"box col-xs-12 type_AdvertorialBanner position_content1 page_type_detail c_adtech-ad\">\u00a0&#8222;Wir haben ungef\u00e4hr 20.000 Fl\u00fcchtlinge, die in Wien in der Grundversorgung sind, davon sind 68 Prozent in privaten Quartieren. Es ist nicht notwendig, die in Gro\u00dfquartieren unterzubringen, denn wir haben so wenige Fl\u00fcchtlinge wie seit der Jahrtausendwende nicht mehr. So gesehen ist es weder sinnvoll noch notwendig&#8220;, sagte der Wiener B\u00fcrgermeister im \u00d61-&#8222;Morgenjournal&#8220;.<\/div>\n<div class=\"box col-xs-12  c_content\">\n<div class=\"row\">\n<div class=\"box col-xs-12  c_tinymce\">\n<div class=\"c_outer\">\n<p><span lang=\"DE\">H\u00e4upl sieht in der Diskussion lediglich &#8222;einen Versuch, das Fl\u00fcchtlingsthema wieder aufzubringen&#8220;. Die Regierung solle sich lieber um eine Beschleunigung der Asylverfahren k\u00fcmmern. Das Argument der FP\u00d6, Massenquartiere w\u00fcrden die Verfahren beschleunigen, kann H\u00e4upl nicht verstehen: &#8222;Das Gegenteil ist wahr.&#8220; Privatunterk\u00fcnfte w\u00fcrden den Vorzug erhalten.<\/span><\/p>\n<div class=\"box col-xs-12  c_tinymce\">\n<div class=\"c_outer\">\n<p><strong><span lang=\"DE\">&#8222;Ausgangssperre ist Unsinn&#8220;<br \/>\n<\/span><\/strong><span lang=\"DE\">Eine etwaige Ausgangssperre f\u00fcr Asylwerber h\u00e4lt H\u00e4upl f\u00fcr &#8222;l\u00e4cherlich&#8220; und &#8222;Unsinn&#8220;: &#8222;Diese Menschen sind vor Unfreiheit geflohen und sollten jetzt nicht in neue Unfreiheit gedr\u00e4ngt werden. Fl\u00fcchtlinge sind keine Verbrecher.&#8220; Eine Residenzpflicht, also dass sich Asylwerber an einem Wohnsitz melden m\u00fcssen, sei seinerzeit von der \u00d6VP abgelehnt worden.<\/span><\/p>\n<\/div>\n<\/div>\n<div class=\"box col-xs-12  c_tinymce\">\n<div class=\"c_outer\">\n<p><strong><span lang=\"DE\">Strache f\u00fchlt sich missinterpretiert<br \/>\n<\/span><\/strong><span lang=\"DE\">Fl\u00fcchtlinge in Kasernen unterzubringen &#8211; das hatte FP\u00d6-Chef Strache noch am Donnerstag\u00a0<a href=\"http:\/\/www.krone.at\/1607010\" target=\"_blank\" rel=\"noopener\">&#8222;f\u00fcr denkbar&#8220; gehalten, wie er im &#8222;Wien heute&#8220;-Interview sagte<\/a>. Einen Tag sp\u00e4ter erkl\u00e4rte er allerdings am Rande der Regierungsklausur in der Steiermark,\u00a0<\/span><span lang=\"DE\">dass seine \u00dcberlegung aus dem Zusammenhang gerissen bzw. \u00fcberinterpretiert worden sei. Es werde hier &#8222;aus einer Maus ein Elefant produziert&#8220;, so Strache. &#8222;Das ist kein Thema.&#8220;<\/span><\/p>\n<\/div>\n<\/div>\n<div class=\"box col-xs-12  c_image\">\n<div class=\"c_outer\">\n<div id=\"gallery_10555-ac9231da\" class=\"carousel slide\" data-keyboard=\"false\">\n<div class=\"carousel-inner\" role=\"listbox\">\n<div class=\"item active\">\n<div class=\"img-container\">\n<div class=\"img-lazy-responsive\">\n<figure style=\"width: 630px\" class=\"wp-caption alignnone\"><img loading=\"lazy\" decoding=\"async\" class=\"img-responsive  img-landscape lazyloaded\" src=\"http:\/\/imgl.krone.at\/scaled\/1606957\/v15c669\/630x356\" alt=\"Sebastian Kurz, Heinz-Christian Strache und Innenminister Herbert Kickl (Bild: APA\/ROLAND SCHLAGER)\" width=\"630\" height=\"356\" data-src=\"http:\/\/imgl.krone.at\/scaled\/1606957\/v15c669\/630x356\" \/><figcaption class=\"wp-caption-text\">Sebastian Kurz, Heinz-Christian Strache und Innenminister Herbert Kickl Foto: APA\/ROLAND SCHLAGER<\/figcaption><\/figure>\n<\/div>\n<\/div>\n<div class=\"carousel-caption clearfix\"><\/div>\n<\/div>\n<\/div>\n<\/div>\n<\/div>\n<\/div>\n<div class=\"box col-xs-12  c_tinymce\">\n<div class=\"c_outer\">\n<p><span lang=\"DE\">Es sei in dem Interview um die Frage gegangen, was man mit den angedachten Zentren zur Unterbringung von Asylwerbern meine. Gemeint sei, dass der Innenminister daf\u00fcr Sorge tragen wolle, dass k\u00fcnftig bei der Unterbringung von Asylwerbern die &#8222;staatliche Verantwortung&#8220; wieder gelebt werde und die Zust\u00e4ndigkeit nicht an private Vereine und NGOs ausgelagert werde, so Strache. Es d\u00fcrfe hier kein &#8222;Gesch\u00e4ftszweig&#8220; entstehen.\u00a0<\/span>Auch sein Parteikollege, Verteidigungsminister Mario Kunasek, will die Idee aktuell &#8222;nicht weiterverfolgen&#8220;. &#8222;Es ist in meinem Ressort im Moment kein Thema&#8220;, sagte Kunasek am Freitag auf eine entsprechende Journalistenfrage.<\/p>\n<p>&nbsp;<\/p>\n<p>http:\/\/www.krone.at<\/p>\n<\/div>\n<\/div>\n<\/div>\n<\/div>\n<\/div>\n<\/div>\n","protected":false},"excerpt":{"rendered":"<p>Der Vorschlag der FP\u00d6, Asylwerber in Kasernen unterzubringen, hat innenpolitisch geh\u00f6rig Staub aufgewirbelt. Wiens B\u00fcrgermeister Michael H\u00e4upl (SP\u00d6) bezeichnete den Vorschlag von FP\u00d6-Chef Heinz-Christian Strache als &#8222;nicht n\u00f6tig&#8220;, eine Ausgangssperre h\u00e4lt er f\u00fcr &#8222;Unsinn&#8220;. Auch die Freiheitlichen ruderten am Freitagnachmittag zur\u00fcck: Strache erkl\u00e4rte, er sei &#8222;missinterpretiert&#8220; worden. \u00a0&#8222;Wir haben ungef\u00e4hr 20.000 Fl\u00fcchtlinge, die in Wien [&hellip;]<\/p>\n","protected":false},"author":2,"featured_media":0,"comment_status":"closed","ping_status":"closed","sticky":false,"template":"","format":"standard","meta":{"_jetpack_memberships_contains_paid_content":false,"footnotes":""},"categories":[6],"tags":[],"class_list":["post-4751","post","type-post","status-publish","format-standard","hentry","category-politik"],"jetpack_featured_media_url":"","jetpack_sharing_enabled":true,"_links":{"self":[{"href":"http:\/\/ichkeria.at\/index.php?rest_route=\/wp\/v2\/posts\/4751","targetHints":{"allow":["GET"]}}],"collection":[{"href":"http:\/\/ichkeria.at\/index.php?rest_route=\/wp\/v2\/posts"}],"about":[{"href":"http:\/\/ichkeria.at\/index.php?rest_route=\/wp\/v2\/types\/post"}],"author":[{"embeddable":true,"href":"http:\/\/ichkeria.at\/index.php?rest_route=\/wp\/v2\/users\/2"}],"replies":[{"embeddable":true,"href":"http:\/\/ichkeria.at\/index.php?rest_route=%2Fwp%2Fv2%2Fcomments&post=4751"}],"version-history":[{"count":1,"href":"http:\/\/ichkeria.at\/index.php?rest_route=\/wp\/v2\/posts\/4751\/revisions"}],"predecessor-version":[{"id":4753,"href":"http:\/\/ichkeria.at\/index.php?rest_route=\/wp\/v2\/posts\/4751\/revisions\/4753"}],"wp:attachment":[{"href":"http:\/\/ichkeria.at\/index.php?rest_route=%2Fwp%2Fv2%2Fmedia&parent=4751"}],"wp:term":[{"taxonomy":"category","embeddable":true,"href":"http:\/\/ichkeria.at\/index.php?rest_route=%2Fwp%2Fv2%2Fcategories&post=4751"},{"taxonomy":"post_tag","embeddable":true,"href":"http:\/\/ichkeria.at\/index.php?rest_route=%2Fwp%2Fv2%2Ftags&post=4751"}],"curies":[{"name":"wp","href":"https:\/\/api.w.org\/{rel}","templated":true}]}}