{"id":4844,"date":"2018-01-15T10:15:42","date_gmt":"2018-01-15T08:15:42","guid":{"rendered":"http:\/\/ichkeria.at\/?p=4844"},"modified":"2018-01-15T13:09:00","modified_gmt":"2018-01-15T11:09:00","slug":"wien-bleibt-erhoehung-des-sozialgelds-schuldig","status":"publish","type":"post","link":"http:\/\/ichkeria.at\/?p=4844&lang=de","title":{"rendered":"Wien bleibt Erh\u00f6hung des Sozialgelds schuldig"},"content":{"rendered":"<div class=\"box col-xs-12 c_title \">\n<div class=\"c_outer\">\n<figure id=\"attachment_4845\" aria-describedby=\"caption-attachment-4845\" style=\"width: 530px\" class=\"wp-caption alignleft\"><img loading=\"lazy\" decoding=\"async\" class=\"wp-image-4845 size-full\" src=\"http:\/\/ichkeria.at\/wp-content\/uploads\/2018\/01\/-e1516004113806.jpg\" alt=\"\" width=\"530\" height=\"299\" \/><figcaption id=\"caption-attachment-4845\" class=\"wp-caption-text\">Gerhard S. w\u00fcrde gerne seine 26-Quadratmeter-Wohnung renovieren. Daf\u00fcr reicht das Geld nicht. Foto: Reinhard Holl<\/figcaption><\/figure>\n<h1><a style=\"font-size: 16px;\" href=\"http:\/\/www.krone.at\/590139\" target=\"_blank\" rel=\"noopener\">Im Wiener Mindestsicherungschaos hat es die Stadt Wien letztes Jahr vers\u00e4umt, eine Erh\u00f6hung vorzunehmen<\/a><span style=\"font-size: 16px;\">\u00a0&#8211; oder alternativ die j\u00e4hrliche Wertanpassung, die sie sich selbst ins Gesetz geschrieben hatte, wieder zu streichen. Seitdem schuldet sie Beziehern 5,7 Millionen Euro. Und die fordern ihr Geld &#8230;<\/span><\/h1>\n<\/div>\n<\/div>\n<div class=\"box col-xs-12 type_AdvertorialBanner position_content1 page_type_detail c_adtech-ad\">\n<div id=\"adt-10555-34cce324\" class=\"c_inner\">\n<div id=\"adtech7606155\" class=\"adtech_data\" data-adtech=\"detail_oesterreich_AdvertorialBanner_content1\">&#8222;Sozialstadtr\u00e4tin Sandra Frauenberger hat die Auszahlung ab September 2017 versprochen&#8220;, klagt Gerhard S. an. &#8222;Das ist bis heute nicht geschehen.&#8220; Er ist einer von vielen Anrufern in der &#8222;Krone&#8220;-Redaktion, die auf das Geld warten. Konkret geht es um eine einmalige Nachzahlung von 60 Euro r\u00fcckwirkend und die Anpassung von monatlich 837 Euro Mindestsicherung auf 844 Euro beim H\u00f6chstsatz, wie ihn Gerhard S. erh\u00e4lt. &#8222;Es ist ein Kampf um jede F\u00f6rderung&#8220;, so der 57-J\u00e4hrige.<\/div>\n<\/div>\n<\/div>\n<div class=\"box col-xs-12 c_content\">\n<div class=\"row\">\n<div class=\"box col-xs-12 c_tinymce\">\n<div class=\"c_outer\">\n<p><strong>Laut AMS unvermittelbar, nach Infarkt herzkrank<\/strong><br \/>\nDas AMS erkl\u00e4rte den Ex-Stapelfahrer als unvermittelbar, seit 2014 ist er nach einem Infarkt auch noch herzkrank. Gerne w\u00fcrde er seine 26-Quadratmeter-Gemeindebauwohnung herrichten. An der Decke br\u00f6ckelt der Putz.<\/p>\n<\/div>\n<\/div>\n<div class=\"box col-xs-12 c_image\">\n<div class=\"c_outer\">\n<div id=\"gallery_10555-5d1be7e9\" class=\"carousel slide\" data-keyboard=\"false\">\n<div class=\"carousel-inner\" role=\"listbox\">\n<div class=\"item active\">\n<div class=\"img-container\">\n<div class=\"img-lazy-responsive\">\u00a0<strong>&#8222;Wir bekommen nichts mehr&#8220;<\/strong><\/div>\n<\/div>\n<\/div>\n<\/div>\n<\/div>\n<\/div>\n<\/div>\n<div class=\"box col-xs-12 c_tinymce\">\n<div class=\"c_outer\">\n<p>&#8222;F\u00fcrs Ausgehen und Lokale reicht das Geld nicht&#8220;, so S. Also sollten es ein Herd und ein K\u00fchlschrank mit einem Tiefk\u00fchlfach sein. Den Antrag daf\u00fcr hat die Stadt abgelehnt. &#8222;Kein Wunder, dass die Inl\u00e4nder auf Migranten losgehen. Wir bekommen nichts mehr&#8220;, meint der 57-J\u00e4hrige. &#8222;Aber die Migranten sind eh nicht schuld. Da ist die Politik schuld&#8220;, f\u00fcgt er hinzu.<\/p>\n<\/div>\n<\/div>\n<div class=\"box col-xs-12 c_tinymce\">\n<div class=\"c_outer\">\n<p>Die &#8222;Krone&#8220; fragte f\u00fcr ihn bei Sozialstadtr\u00e4tin Sandra Frauenberger nach: &#8222;Bei der H\u00e4lfte ist die Auszahlung bereits erfolgt. In den n\u00e4chsten Wochen wird noch laufend angepasst&#8220;, versicherte ihr Sprecher.<\/p>\n<\/div>\n<\/div>\n<div class=\"box col-xs-12 c_tinymce\">\n<div class=\"c_outer\">\n<p>&nbsp;<\/p>\n<p><em>Maida Dedagic, Kronen Zeitung<\/em><\/p>\n<\/div>\n<\/div>\n<\/div>\n<\/div>\n","protected":false},"excerpt":{"rendered":"<p>Im Wiener Mindestsicherungschaos hat es die Stadt Wien letztes Jahr vers\u00e4umt, eine Erh\u00f6hung vorzunehmen\u00a0&#8211; oder alternativ die j\u00e4hrliche Wertanpassung, die sie sich selbst ins Gesetz geschrieben hatte, wieder zu streichen. Seitdem schuldet sie Beziehern 5,7 Millionen Euro. Und die fordern ihr Geld &#8230; &#8222;Sozialstadtr\u00e4tin Sandra Frauenberger hat die Auszahlung ab September 2017 versprochen&#8220;, klagt Gerhard [&hellip;]<\/p>\n","protected":false},"author":2,"featured_media":0,"comment_status":"closed","ping_status":"closed","sticky":false,"template":"","format":"standard","meta":{"_jetpack_memberships_contains_paid_content":false,"footnotes":""},"categories":[19],"tags":[],"class_list":["post-4844","post","type-post","status-publish","format-standard","hentry","category-religion"],"jetpack_featured_media_url":"","jetpack_sharing_enabled":true,"_links":{"self":[{"href":"http:\/\/ichkeria.at\/index.php?rest_route=\/wp\/v2\/posts\/4844","targetHints":{"allow":["GET"]}}],"collection":[{"href":"http:\/\/ichkeria.at\/index.php?rest_route=\/wp\/v2\/posts"}],"about":[{"href":"http:\/\/ichkeria.at\/index.php?rest_route=\/wp\/v2\/types\/post"}],"author":[{"embeddable":true,"href":"http:\/\/ichkeria.at\/index.php?rest_route=\/wp\/v2\/users\/2"}],"replies":[{"embeddable":true,"href":"http:\/\/ichkeria.at\/index.php?rest_route=%2Fwp%2Fv2%2Fcomments&post=4844"}],"version-history":[{"count":2,"href":"http:\/\/ichkeria.at\/index.php?rest_route=\/wp\/v2\/posts\/4844\/revisions"}],"predecessor-version":[{"id":4847,"href":"http:\/\/ichkeria.at\/index.php?rest_route=\/wp\/v2\/posts\/4844\/revisions\/4847"}],"wp:attachment":[{"href":"http:\/\/ichkeria.at\/index.php?rest_route=%2Fwp%2Fv2%2Fmedia&parent=4844"}],"wp:term":[{"taxonomy":"category","embeddable":true,"href":"http:\/\/ichkeria.at\/index.php?rest_route=%2Fwp%2Fv2%2Fcategories&post=4844"},{"taxonomy":"post_tag","embeddable":true,"href":"http:\/\/ichkeria.at\/index.php?rest_route=%2Fwp%2Fv2%2Ftags&post=4844"}],"curies":[{"name":"wp","href":"https:\/\/api.w.org\/{rel}","templated":true}]}}