{"id":4879,"date":"2018-01-18T21:21:29","date_gmt":"2018-01-18T19:21:29","guid":{"rendered":"http:\/\/ichkeria.at\/?p=4879"},"modified":"2018-01-18T21:21:29","modified_gmt":"2018-01-18T19:21:29","slug":"ueberraschende-wahrheiten-zur-fluechtlingskriminalitaet","status":"publish","type":"post","link":"http:\/\/ichkeria.at\/?p=4879&lang=de","title":{"rendered":"\u00dcberraschende Wahrheiten zur Fl\u00fcchtlingskriminalit\u00e4t"},"content":{"rendered":"<div class=\"story_head\">\n<div class=\"story_titles\">\n<figure id=\"attachment_4880\" aria-describedby=\"caption-attachment-4880\" style=\"width: 600px\" class=\"wp-caption alignleft\"><img loading=\"lazy\" decoding=\"async\" class=\"wp-image-4880 size-full\" src=\"http:\/\/ichkeria.at\/wp-content\/uploads\/2018\/01\/fl\u00fcchtlinge.jpg\" alt=\"\" width=\"600\" height=\"293\" srcset=\"http:\/\/ichkeria.at\/wp-content\/uploads\/2018\/01\/fl\u00fcchtlinge.jpg 600w, http:\/\/ichkeria.at\/wp-content\/uploads\/2018\/01\/fl\u00fcchtlinge-300x147.jpg 300w, http:\/\/ichkeria.at\/wp-content\/uploads\/2018\/01\/fl\u00fcchtlinge-480x234.jpg 480w\" sizes=\"auto, (max-width: 600px) 100vw, 600px\" \/><figcaption id=\"caption-attachment-4880\" class=\"wp-caption-text\">Fl\u00fcchtlinge im Zuge der Fl\u00fcchtlingswelle in Spielfeld am 23. Oktober 2015. (Bild: EPA)<\/figcaption><\/figure>\n<p><strong>&#8222;Echte Fl\u00fcchtlinge sind weniger kriminell als Einheimische&#8220;, sagt der Chef der deutschen Kripobeamten, Ulf K\u00fcch. Seine Bilanz best\u00e4tigen auch \u00f6sterreichische Beh\u00f6rden.<\/strong><\/p>\n<\/div>\n<div class=\"story_media\">\n<p>In Teilen der Bev\u00f6lkerung und auch von politischer Seite forciert geht das Bild der &#8222;kriminellen Asylwerber&#8220; um, konstatiert K\u00fcch. In Deutschland wollte die Polizei das jetzt ganz genau wissen, berichtet der &#8222;Kurier&#8220;. In der 200.000-Einwohner-Stadt Braunschweig wurde dazu eine eigene Sonderkommission Asyl gegr\u00fcndet, mit Ulf K\u00fcch an der Spitze. Er war laut dem Bericht in Wien zu Gast und pr\u00e4sentierte dabei die selbst so betitelten &#8222;\u00fcberraschenden Wahrheiten \u00fcber Fl\u00fcchtlingskriminalit\u00e4t&#8220;.<\/p>\n<\/div>\n<\/div>\n<div class=\"story_content \">\n<div class=\"story_text\">\n<div id=\"content-ad-pos2\"><span class=\"more_img\">Ulf K\u00fcch, Leiter der Kriminalpolizei Braunschweig (Bild: picturedesk.com)<\/span><span class=\"info_panel info_bildstrecken\"><span class=\"info_panel_spread\"><span class=\"header5\">Bildstrecken<\/span><span class=\"entry\"><a>Haltungen gegen\u00fcber Fl\u00fcchtlingen<\/a><\/span><\/span><\/span><\/div>\n<p>Seine Aussagen best\u00e4tigen demnach auch die \u00f6sterreichischen Beh\u00f6rden f\u00fcr unser Land. K\u00fcchs Kernaussage: &#8222;Echte Fl\u00fcchtlinge sind weniger kriminell als Einheimische&#8220;. Dies gelte f\u00fcr Syrer, Iraker und Afghanen. Ein Problemfall seien aber Menschen, &#8222;die nie Chance auf Asyl haben&#8220;, die sich dem Fl\u00fcchtlingsstrom als &#8222;Trittbrettfahrer&#8220; anschlie\u00dfen w\u00fcrden.<\/p>\n<p><b>Keine Sex-Delikt-Explosion<\/b><\/p>\n<p>Anstiege seit Beginn der Fl\u00fcchtlingskrise verzeichne die Polizei bei Ladendiebst\u00e4hlen und Gewaltdelikten in Fl\u00fcchtlingsheimen, vor allem zwischen Nord- und Zentralafrikanern. Personen aus dem Balkan, Georgien und Nordafrika seien Mehrfacht\u00e4ter. Und vor allem Sudanesen h\u00e4tten sich den Sozialbetrug &#8222;zum Gesch\u00e4ftsmodell&#8220; gemacht. Aber: Klassische Fl\u00fcchtlinge seien nirgends aufgefallen.<\/p>\n<p>Ebenso kennt die Polizei keine oftmals herbeizitierte Explosion der Sexualdelikte, von 980 Taten war nur bei 16 ein Asyl-Hintergrund zu vermerken. &#8222;Was in der Bev\u00f6lkerung an Bef\u00fcrchtungen da ist und in den Gazetten beschrieben wird, das hat es in der Masse nicht gegeben&#8220;, wird K\u00fcch vom &#8222;Kurier&#8220; zitiert. Heimische Kriminologen leiten das auch f\u00fcr \u00d6sterreich ab.<\/p>\n<p><b>Problemfall Abschiebungen<\/b><\/p>\n<p>Einig ist man sich auch, dass kriminelle Einwanderer abgeschoben werden sollen, hier gebe es aber Probleme. &#8222;Man k\u00f6nnte Tausende r\u00fcckf\u00fchren&#8220;, wird Polizeilegende Ernst Geiger zitiert, nach Afghanistan h\u00e4tte es aber erst rund 100 Abschiebungen gegeben. Geiger best\u00e4tigt zudem: Polizeiliche Probleme bereiten vor allem jene, deren Asylantrag abgelehnt wurde. Schnellgerichte wie in Deutschland w\u00e4ren auch hierzulande w\u00fcnschenswert.<\/p>\n<p>Es habe &#8222;katastrophale Einzelf\u00e4lle&#8220; gegeben, die gro\u00dfe Kriminalit\u00e4tswelle sei aber ausgeblieben, so K\u00fcch. Eine Warnung hatte er aber am Schluss noch \u00fcbrig: Die L\u00e4nder m\u00fcssten f\u00fcr eine optimale Integration sorgen, denn sonst k\u00f6nne die Kriminalit\u00e4t in einer zweiten Welle folgen. In Deutschland sehe man dies nun bei &#8222;libanesischen Mafia-Clans&#8220;, viele kamen in den 80er Jahren als Einwanderer ins Land.<\/p>\n<\/div>\n<p>&nbsp;<\/p>\n<p>http:\/\/www.heute.at<\/p>\n<\/div>\n","protected":false},"excerpt":{"rendered":"<p>&#8222;Echte Fl\u00fcchtlinge sind weniger kriminell als Einheimische&#8220;, sagt der Chef der deutschen Kripobeamten, Ulf K\u00fcch. Seine Bilanz best\u00e4tigen auch \u00f6sterreichische Beh\u00f6rden. In Teilen der Bev\u00f6lkerung und auch von politischer Seite forciert geht das Bild der &#8222;kriminellen Asylwerber&#8220; um, konstatiert K\u00fcch. In Deutschland wollte die Polizei das jetzt ganz genau wissen, berichtet der &#8222;Kurier&#8220;. In der [&hellip;]<\/p>\n","protected":false},"author":2,"featured_media":0,"comment_status":"closed","ping_status":"closed","sticky":false,"template":"","format":"standard","meta":{"_jetpack_memberships_contains_paid_content":false,"footnotes":""},"categories":[19],"tags":[],"class_list":["post-4879","post","type-post","status-publish","format-standard","hentry","category-religion"],"jetpack_featured_media_url":"","jetpack_sharing_enabled":true,"_links":{"self":[{"href":"http:\/\/ichkeria.at\/index.php?rest_route=\/wp\/v2\/posts\/4879","targetHints":{"allow":["GET"]}}],"collection":[{"href":"http:\/\/ichkeria.at\/index.php?rest_route=\/wp\/v2\/posts"}],"about":[{"href":"http:\/\/ichkeria.at\/index.php?rest_route=\/wp\/v2\/types\/post"}],"author":[{"embeddable":true,"href":"http:\/\/ichkeria.at\/index.php?rest_route=\/wp\/v2\/users\/2"}],"replies":[{"embeddable":true,"href":"http:\/\/ichkeria.at\/index.php?rest_route=%2Fwp%2Fv2%2Fcomments&post=4879"}],"version-history":[{"count":1,"href":"http:\/\/ichkeria.at\/index.php?rest_route=\/wp\/v2\/posts\/4879\/revisions"}],"predecessor-version":[{"id":4881,"href":"http:\/\/ichkeria.at\/index.php?rest_route=\/wp\/v2\/posts\/4879\/revisions\/4881"}],"wp:attachment":[{"href":"http:\/\/ichkeria.at\/index.php?rest_route=%2Fwp%2Fv2%2Fmedia&parent=4879"}],"wp:term":[{"taxonomy":"category","embeddable":true,"href":"http:\/\/ichkeria.at\/index.php?rest_route=%2Fwp%2Fv2%2Fcategories&post=4879"},{"taxonomy":"post_tag","embeddable":true,"href":"http:\/\/ichkeria.at\/index.php?rest_route=%2Fwp%2Fv2%2Ftags&post=4879"}],"curies":[{"name":"wp","href":"https:\/\/api.w.org\/{rel}","templated":true}]}}