{"id":4915,"date":"2018-01-20T08:26:03","date_gmt":"2018-01-20T06:26:03","guid":{"rendered":"http:\/\/ichkeria.at\/?p=4915"},"modified":"2018-01-20T14:42:06","modified_gmt":"2018-01-20T12:42:06","slug":"abschiebung-der-familie-tikaev-waere-ein-fehler","status":"publish","type":"post","link":"http:\/\/ichkeria.at\/?p=4915&lang=de","title":{"rendered":"&#8222;Abschiebung der Familie Tikaev w\u00e4re ein Fehler&#8220;"},"content":{"rendered":"<div class=\"story_head\">\n<div class=\"story_titles\">\n<figure style=\"width: 600px\" class=\"wp-caption alignleft\"><img loading=\"lazy\" decoding=\"async\" src=\"http:\/\/www.heute.at\/dyim\/16a1d7\/M600,1000\/images\/content\/4\/9\/8\/49894141\/1\/topelement.jpg\" alt=\"von Links nach Rechts: Emil Bannani, Peter Streimelweger (Ali's Lehrer), Janine Kautsch (Klassenvorstand) (Bild: privat)\" width=\"600\" height=\"293\" \/><figcaption class=\"wp-caption-text\">von Links nach Rechts: Emil Bannani, Peter Streimelweger (Ali&#8217;s Lehrer), Janine Kautsch (Klassenvorstand) (Bild: privat)<\/figcaption><\/figure>\n<p><strong>Trotz ihrer guten Integration steht die sechsfk\u00f6pfige Familie Tikaev aus Tschetschenien vor der Abschiebung. Nun meldet sich Emil Bannani, der Landesschulsprecher in Wien, zu Wort.<\/strong><\/p>\n<\/div>\n<div class=\"story_media\">\n<p>&nbsp;<\/p>\n<\/div>\n<\/div>\n<div class=\"story_content \">\n<div class=\"thematic_box\">\n<div class=\"recommend\">\n<div class=\"arrow-up\">\u00a0Der Fall der tschetschenische Familie Tikaev besch\u00e4ftigt das ganze Land und sorgt f\u00fcr gro\u00dfe Aufregung. Und auch Emp\u00f6rung.<\/div>\n<\/div>\n<\/div>\n<div class=\"story_text\">\n<div id=\"content-ad-pos2\">Denn trotz ihrer guten Integration soll die sechsk\u00f6pfige Familie abgeschoben werden. Seit 17 Tagen leben die Eltern und ihre Kinder Arina (16), Amirkhan (14, hinten), Amina (11), Alikhan (12) nun im R\u00fcckkehrzentrum Schwechat.<\/div>\n<p><b>Kinder vermissen Schule und Freunde<\/b><\/p>\n<p>Seitdem d\u00fcrfen die Kinder nicht mehr in die Schule gehen. Ein Zustand, der f\u00fcr die Teenies besonderes schlimm ist, da sie nicht mehr ihre Freunde sehen k\u00f6nnen. &#8222;Ich vermisse die Schule und meine Freunde&#8220;, sagt Alikhan (12), in akzentfreiem Deutsch.<\/p>\n<p>Die Welle der Solidarit\u00e4t ist gewaltig. Neben Wiens Kinder- und Jugendanw\u00e4ltin Monika Pinterits, die Schauspielerin und Vorsitzende des Integrationshaus-Vorstandes Katharina Stemberger, der Lehrer und Blogger Daniel Landau besuchte auch bereits die gr\u00fcne Vizeb\u00fcrgermeisterin Maria Vassilakou die Familie.<\/p>\n<p><b>Landesschulsprecher besuchte Schule<\/b><\/p>\n<p>Nun hat sich auch Emil Bannani, der Landesschulsprecher in Wien, in einem Statement zu dem Fall ge\u00e4u\u00dfert und setzt sich f\u00fcr die Familie ein. Bannani besuchte die Sportmittelschule Pastorstra\u00dfe und unterhielt sich mit Ali&#8217;s Lehrer und seiner Klassenvorst\u00e4ndin.<\/p>\n<figure style=\"width: 480px\" class=\"wp-caption alignleft\"><img loading=\"lazy\" decoding=\"async\" src=\"http:\/\/www.heute.at\/images\/content\/4\/9\/8\/49894141\/1\/1.jpg\" alt=\"\" width=\"480\" height=\"400\" \/><figcaption class=\"wp-caption-text\">Bild: Von links: Arina (16), Amirkhan (14, hinten), Amina (11), Alikhan (12). (Bild: privat)<\/figcaption><\/figure>\n<p>&#8222;Ali f\u00e4llt in der Schule sehr positiv auf. Er erbringt exzellente Schulleistungen und hat viel Ehrgeiz, spricht super Deutsch und er ist gegen\u00fcber den Lehrern sehr zuvorkommend&#8220;, so Bannani gegen\u00fcber &#8222;Heute&#8220;.<\/p>\n<p><b>&#8222;Falsches Signal an Menschen&#8220;<\/b><\/p>\n<p>Das Schicksal der Familie Tikaev hat ihn &#8222;sehr getroffen&#8220; und ver\u00e4rgert ihn auch. Bannani: &#8222;Man h\u00f6rt immer: &#8218;Integration ist eine Bringschuld&#8216; und kritisiert Fl\u00fcchtlinge oft das sie nicht integriert sind. Jetzt integriert sich eine Familie, die zu uns gekommen ist vorbildhaft und man schiebt sie einfach ab.&#8220;<\/p>\n<p>F\u00fcr den Wiener Landesschulsprecher ist klar, eine Abschiebung der Familie Tikaev &#8222;w\u00e4re fatal und ein Fehler&#8220;. &#8222;Diese Entscheidung w\u00e4re ein falsches Signal an die Menschen, die sich in \u00d6sterreich befinden und tats\u00e4chlich bem\u00fcht sind sich gut zu integrieren&#8220;, ist sich Bannani sicher.<\/p>\n<p><b>Einstellung des Verfahrens<\/b><\/p>\n<p>Aus diesem Grund spricht sich der Landesschulsprecher gegen eine Abschiebung der Familie aus und ist f\u00fcr eine Einstellung des Verfahrens. &#8222;Ich will, dass Ali wei\u00df, dass er und seine Familie nicht alleine sind. Ich stelle mich hinter der Familie Tikaev&#8220;, erkl\u00e4rt Bannani.<\/p>\n<\/div>\n<p>&nbsp;<\/p>\n<p>&nbsp;<\/p>\n<p>&nbsp;<\/p>\n<p>http:\/\/www.heute.at<\/p>\n<\/div>\n","protected":false},"excerpt":{"rendered":"<p>Trotz ihrer guten Integration steht die sechsfk\u00f6pfige Familie Tikaev aus Tschetschenien vor der Abschiebung. Nun meldet sich Emil Bannani, der Landesschulsprecher in Wien, zu Wort. &nbsp; \u00a0Der Fall der tschetschenische Familie Tikaev besch\u00e4ftigt das ganze Land und sorgt f\u00fcr gro\u00dfe Aufregung. Und auch Emp\u00f6rung. Denn trotz ihrer guten Integration soll die sechsk\u00f6pfige Familie abgeschoben werden. [&hellip;]<\/p>\n","protected":false},"author":2,"featured_media":4918,"comment_status":"closed","ping_status":"closed","sticky":false,"template":"","format":"standard","meta":{"_jetpack_memberships_contains_paid_content":false,"footnotes":""},"categories":[6],"tags":[],"class_list":["post-4915","post","type-post","status-publish","format-standard","has-post-thumbnail","hentry","category-politik"],"jetpack_featured_media_url":"http:\/\/ichkeria.at\/wp-content\/uploads\/2018\/01\/1.jpg","jetpack_sharing_enabled":true,"_links":{"self":[{"href":"http:\/\/ichkeria.at\/index.php?rest_route=\/wp\/v2\/posts\/4915","targetHints":{"allow":["GET"]}}],"collection":[{"href":"http:\/\/ichkeria.at\/index.php?rest_route=\/wp\/v2\/posts"}],"about":[{"href":"http:\/\/ichkeria.at\/index.php?rest_route=\/wp\/v2\/types\/post"}],"author":[{"embeddable":true,"href":"http:\/\/ichkeria.at\/index.php?rest_route=\/wp\/v2\/users\/2"}],"replies":[{"embeddable":true,"href":"http:\/\/ichkeria.at\/index.php?rest_route=%2Fwp%2Fv2%2Fcomments&post=4915"}],"version-history":[{"count":1,"href":"http:\/\/ichkeria.at\/index.php?rest_route=\/wp\/v2\/posts\/4915\/revisions"}],"predecessor-version":[{"id":4916,"href":"http:\/\/ichkeria.at\/index.php?rest_route=\/wp\/v2\/posts\/4915\/revisions\/4916"}],"wp:featuredmedia":[{"embeddable":true,"href":"http:\/\/ichkeria.at\/index.php?rest_route=\/wp\/v2\/media\/4918"}],"wp:attachment":[{"href":"http:\/\/ichkeria.at\/index.php?rest_route=%2Fwp%2Fv2%2Fmedia&parent=4915"}],"wp:term":[{"taxonomy":"category","embeddable":true,"href":"http:\/\/ichkeria.at\/index.php?rest_route=%2Fwp%2Fv2%2Fcategories&post=4915"},{"taxonomy":"post_tag","embeddable":true,"href":"http:\/\/ichkeria.at\/index.php?rest_route=%2Fwp%2Fv2%2Ftags&post=4915"}],"curies":[{"name":"wp","href":"https:\/\/api.w.org\/{rel}","templated":true}]}}