{"id":4935,"date":"2018-01-22T19:19:16","date_gmt":"2018-01-22T17:19:16","guid":{"rendered":"http:\/\/ichkeria.at\/?p=4935"},"modified":"2018-01-22T19:19:16","modified_gmt":"2018-01-22T17:19:16","slug":"deutsche-im-irak-zum-tode-verurteilt","status":"publish","type":"post","link":"http:\/\/ichkeria.at\/?p=4935&lang=de","title":{"rendered":"Deutsche im Irak zum Tode verurteilt"},"content":{"rendered":"<div class=\"box col-xs-12  c_title \">\n<div class=\"c_outer\">\n<figure id=\"attachment_4936\" aria-describedby=\"caption-attachment-4936\" style=\"width: 630px\" class=\"wp-caption alignleft\"><img loading=\"lazy\" decoding=\"async\" class=\"size-full wp-image-4936\" src=\"http:\/\/ichkeria.at\/wp-content\/uploads\/2018\/01\/IS.jpg\" alt=\"\" width=\"630\" height=\"356\" srcset=\"http:\/\/ichkeria.at\/wp-content\/uploads\/2018\/01\/IS.jpg 630w, http:\/\/ichkeria.at\/wp-content\/uploads\/2018\/01\/IS-300x170.jpg 300w, http:\/\/ichkeria.at\/wp-content\/uploads\/2018\/01\/IS-480x271.jpg 480w\" sizes=\"auto, (max-width: 630px) 100vw, 630px\" \/><figcaption id=\"caption-attachment-4936\" class=\"wp-caption-text\">Foto: thinkstock.com, stock.adobe.com, youtube.com, krone.at-Grafik<\/figcaption><\/figure>\n<p><strong>Im Irak ist eine Deutsche wegen Mitgliedschaft in der Jihadistenmiliz Islamischer Staat zum Tode verurteilt worden. Sie solle durch den Strang hingerichtet werden, sagte ein Sprecher des Strafgerichts in Bagdad am Sonntag. Die Frau arabischer Abstammung sei im Vorjahr von irakischen Truppen w\u00e4hrend der Schlacht um Mosul gefangen genommen worden. Sie k\u00f6nne gegen das Urteil Berufung einlegen.<\/strong><\/p>\n<\/div>\n<\/div>\n<div class=\"box col-xs-12  c_content\">\n<div class=\"row\">\n<div class=\"box col-xs-12  c_tinymce\">\n<div class=\"c_outer\">\n<p>Die Frau habe &#8222;logistische Unterst\u00fctzung und Hilfe f\u00fcr die Terrorgruppe geleistet, um Verbrechen zu ver\u00fcben&#8220;, erkl\u00e4rte ein Richter, der zugleich als Gerichtssprecher fungiert. Es handelt sich um das erste Todesurteil, das die irakische Justiz gegen eine europ\u00e4ische Frau verh\u00e4ngt. Genaue Angaben zur Identit\u00e4t der Frau wurden zun\u00e4chst nicht gemacht. Sie hat laut dem Gericht marokkanische Wurzeln.<\/p>\n<\/div>\n<\/div>\n<div class=\"box col-xs-12  c_image\">\n<div class=\"c_outer\">\n<div id=\"gallery_10555-5d1be7e9\" class=\"carousel slide\" data-keyboard=\"false\">\n<div class=\"carousel-inner\" role=\"listbox\">\n<div class=\"item active\">\n<div class=\"img-container\">\n<div class=\"img-lazy-responsive\"><\/div>\n<\/div>\n<div class=\"carousel-caption clearfix\">\n<div class=\"c_copyright\"><strong>Gemeinsam mit T\u00f6chtern dem IS angeschlossen<\/strong><\/div>\n<\/div>\n<\/div>\n<\/div>\n<\/div>\n<\/div>\n<\/div>\n<div class=\"box col-xs-12  c_tinymce\">\n<div class=\"c_outer\">\n<p>&#8222;Die Beschuldigte hat w\u00e4hrend der Vernehmungen zugegeben, Deutschland in Richtung Syrien und anschlie\u00dfend den Irak verlassen zu haben, um sich dem IS mit ihren beiden T\u00f6chtern anzuschlie\u00dfen&#8220;, erkl\u00e4rte der Richter. Die T\u00f6chter h\u00e4tten Mitglieder des IS geheiratet. Wie das Magazin &#8222;Zeit&#8220; berichtet, habe die 50-J\u00e4hrige zuletzt in Mannheim gewohnt. Zum IS sei sie gezogen, nachdem sie einen Mann im Internet kennengelernt hatte, der ihr vorgeschw\u00e4rmt hatte, wie sch\u00f6n es im &#8222;Kalifat&#8220; sei.<\/p>\n<\/div>\n<\/div>\n<div class=\"box col-xs-12  c_image\">\n<div class=\"c_outer\">\n<div id=\"gallery_10555-2d0134ed\" class=\"carousel slide\" data-keyboard=\"false\">\n<div class=\"carousel-inner\" role=\"listbox\">\n<div class=\"item active\">\n<div class=\"img-container\">\n<div class=\"img-lazy-responsive\">\n<figure style=\"width: 630px\" class=\"wp-caption alignnone\"><img loading=\"lazy\" decoding=\"async\" class=\"img-responsive  img-landscape lazyloaded\" src=\"http:\/\/imgl.krone.at\/scaled\/761419\/vc8fd06\/630x356\" alt=\"(Bild: AFP\/STR)\" width=\"630\" height=\"356\" data-src=\"http:\/\/imgl.krone.at\/scaled\/761419\/vc8fd06\/630x356\" \/><figcaption class=\"wp-caption-text\">Foto: AFP\/STR<\/figcaption><\/figure>\n<\/div>\n<\/div>\n<div class=\"carousel-caption clearfix\">\n<div class=\"c_copyright\"><\/div>\n<\/div>\n<\/div>\n<\/div>\n<\/div>\n<\/div>\n<\/div>\n<div class=\"box col-xs-12  c_tinymce\">\n<div class=\"c_outer\">\n<p>Das Nachrichtenmagazin &#8222;Der Spiegel&#8220; hatte im vergangenen Sommer berichtet, in Bagdad bef\u00e4nden sich vier deutsche Frauen in Haft. Es handelte sich demnach um eine Frau aus Deutschland mit marokkanischen Wurzeln und deren Tochter, au\u00dferdem um eine Sch\u00fclerin und eine Frau mit tschetschenischem Hintergrund.<\/p>\n<\/div>\n<\/div>\n<div class=\"box col-xs-12  c_tinymce\">\n<div class=\"c_outer\">\n<p><strong>Deutschland lehnt Todesstrafe ab<\/strong><br \/>\nEin Sprecher des Ausw\u00e4rtigen Amtes in Berlin wollte sich zu dem Urteil auf Anfrage zun\u00e4chst nicht \u00e4u\u00dfern. Er verwies lediglich darauf, dass die Haltung der deutschen Regierung zur Todesstrafe bekannt sei. Deutschland lehnt die Todesstrafe ab.<\/p>\n<\/div>\n<\/div>\n<div class=\"box col-xs-12  c_image\">\n<div class=\"c_outer\">\n<div id=\"gallery_10555-a75a93ac\" class=\"carousel slide\" data-keyboard=\"false\">\n<div class=\"carousel-inner\" role=\"listbox\">\n<div class=\"item active\">\n<div class=\"img-container\">\n<div class=\"img-lazy-responsive\">\n<figure style=\"width: 630px\" class=\"wp-caption alignnone\"><img loading=\"lazy\" decoding=\"async\" class=\"img-responsive  img-landscape lazyloaded\" src=\"http:\/\/imgl.krone.at\/scaled\/887349\/ve88f65\/630x356\" alt=\"(Bild: AFP)\" width=\"630\" height=\"356\" data-src=\"http:\/\/imgl.krone.at\/scaled\/887349\/ve88f65\/630x356\" \/><figcaption class=\"wp-caption-text\">Foto: AFP<\/figcaption><\/figure>\n<\/div>\n<\/div>\n<\/div>\n<\/div>\n<\/div>\n<\/div>\n<\/div>\n<div class=\"box col-xs-12  c_tinymce\">\n<div class=\"c_outer\">\n<p>Bereits im September hatte ein irakisches Gericht einen Russen zum Tod durch Erh\u00e4ngen verurteilt, nachdem dieser f\u00fcr schuldig befunden worden war, f\u00fcr den IS gek\u00e4mpft zu haben. Die irakischen Beh\u00f6rden teilten bisher nicht offiziell mit, wie viele Jihadisten sie w\u00e4hrend ihrer Offensive gegen den IS im vergangenen Jahr gefangen genommen haben. Nach Angaben irakischer Kommandanten und kurdischer Soldaten sollen sich hunderte Jihadisten ergeben haben.<\/p>\n<p>&nbsp;<\/p>\n<p>http:\/\/www.krone.at<\/p>\n<\/div>\n<\/div>\n<\/div>\n<\/div>\n","protected":false},"excerpt":{"rendered":"<p>Im Irak ist eine Deutsche wegen Mitgliedschaft in der Jihadistenmiliz Islamischer Staat zum Tode verurteilt worden. Sie solle durch den Strang hingerichtet werden, sagte ein Sprecher des Strafgerichts in Bagdad am Sonntag. Die Frau arabischer Abstammung sei im Vorjahr von irakischen Truppen w\u00e4hrend der Schlacht um Mosul gefangen genommen worden. Sie k\u00f6nne gegen das Urteil [&hellip;]<\/p>\n","protected":false},"author":2,"featured_media":0,"comment_status":"closed","ping_status":"closed","sticky":false,"template":"","format":"standard","meta":{"_jetpack_memberships_contains_paid_content":false,"footnotes":""},"categories":[19],"tags":[],"class_list":["post-4935","post","type-post","status-publish","format-standard","hentry","category-religion"],"jetpack_featured_media_url":"","jetpack_sharing_enabled":true,"_links":{"self":[{"href":"http:\/\/ichkeria.at\/index.php?rest_route=\/wp\/v2\/posts\/4935","targetHints":{"allow":["GET"]}}],"collection":[{"href":"http:\/\/ichkeria.at\/index.php?rest_route=\/wp\/v2\/posts"}],"about":[{"href":"http:\/\/ichkeria.at\/index.php?rest_route=\/wp\/v2\/types\/post"}],"author":[{"embeddable":true,"href":"http:\/\/ichkeria.at\/index.php?rest_route=\/wp\/v2\/users\/2"}],"replies":[{"embeddable":true,"href":"http:\/\/ichkeria.at\/index.php?rest_route=%2Fwp%2Fv2%2Fcomments&post=4935"}],"version-history":[{"count":1,"href":"http:\/\/ichkeria.at\/index.php?rest_route=\/wp\/v2\/posts\/4935\/revisions"}],"predecessor-version":[{"id":4937,"href":"http:\/\/ichkeria.at\/index.php?rest_route=\/wp\/v2\/posts\/4935\/revisions\/4937"}],"wp:attachment":[{"href":"http:\/\/ichkeria.at\/index.php?rest_route=%2Fwp%2Fv2%2Fmedia&parent=4935"}],"wp:term":[{"taxonomy":"category","embeddable":true,"href":"http:\/\/ichkeria.at\/index.php?rest_route=%2Fwp%2Fv2%2Fcategories&post=4935"},{"taxonomy":"post_tag","embeddable":true,"href":"http:\/\/ichkeria.at\/index.php?rest_route=%2Fwp%2Fv2%2Ftags&post=4935"}],"curies":[{"name":"wp","href":"https:\/\/api.w.org\/{rel}","templated":true}]}}