{"id":4938,"date":"2018-01-23T00:52:52","date_gmt":"2018-01-22T22:52:52","guid":{"rendered":"http:\/\/ichkeria.at\/?p=4938"},"modified":"2018-01-23T00:58:22","modified_gmt":"2018-01-22T22:58:22","slug":"4938","status":"publish","type":"post","link":"http:\/\/ichkeria.at\/?p=4938&lang=de","title":{"rendered":""},"content":{"rendered":"<p><img loading=\"lazy\" decoding=\"async\" class=\"size-full wp-image-4940\" src=\"http:\/\/ichkeria.at\/wp-content\/uploads\/2018\/01\/Jasakovs_mit_Vera_1.jpg\" alt=\"\" width=\"725\" height=\"300\" srcset=\"http:\/\/ichkeria.at\/wp-content\/uploads\/2018\/01\/Jasakovs_mit_Vera_1.jpg 725w, http:\/\/ichkeria.at\/wp-content\/uploads\/2018\/01\/Jasakovs_mit_Vera_1-300x124.jpg 300w, http:\/\/ichkeria.at\/wp-content\/uploads\/2018\/01\/Jasakovs_mit_Vera_1-480x199.jpg 480w\" sizes=\"auto, (max-width: 725px) 100vw, 725px\" \/><\/p>\n<h2 class=\"who\"><span id=\"petition-who-to\">An:\u00a0<\/span>An Innenminister Herbert KICKL<\/h2>\n<h1 class=\"mt5 nopadding text-left\">Familie Jasakov muss bleiben!<\/h1>\n<div class=\"campaign-text embedly\">\n<div class=\"intro-copy what\">\n<p>Gestern Sonntag (!) 21.1.18 um 5h 30 (!) fr\u00fch wurde die seit 5 Jahren in Graz lebende und sehr gut integrierte 8 k\u00f6pfige tschetschenische Familie Jasakov aus ihrer Wohnung abgeholt! Es kamen 6 Beamte, gaben ihnen knapp 1,5 Stunden Zeit, ihre Koffer zu packen und fuhren sie nach Wien in die Familienunterkunft Zinnergasse 29 a.<br \/>\nWir fordern, die Abschiebung der Familie Jasakov zu stoppen und ein subsidi\u00e4res Bleiberecht zu genehmigen.<\/p>\n<\/div>\n<h3 class=\"why-heading\">Warum ist das wichtig?<\/h3>\n<div class=\"why\">\n<p>Die Familie Jasakov hat sich sehr gut in \u00d6sterreich integriert. Alle sprechen gut bis sehr gut Deutsch, der \u00c4lteste, der nicht mehr in das \u00f6sterr. Schulsystem passte, hat es geschafft, den Hauptschulabschlu\u00df in der Abendschule im September 2017 zu bestehen. Die Mutter verf\u00fcgt \u00fcber die B1-Pr\u00fcfung, der Vater \u00fcber die A2-Pr\u00fcfung und steht kurz vor der B1-Pr\u00fcfung bei ISOP, sowohl der Vater als auch der \u00e4lteste Sohn haben einen fixen Arbeitsvertrag bei der Post AG und k\u00f6nnten jederzeit dort anfangen zu arbeiten, die Mutter hat eine ehrenamtliche T\u00e4tigkeit im Lernb\u00fcro der Caritas erhalten, der \u00e4lteste Sohn hat eine Ausbildung vom Roten Kreuz und ist ehrenamtlicher Helfer bei der langen Tafel, sein Bruder Ibrahim ebenfalls. Die anderen 3 minderj\u00e4hrigen Kinder sind brave Sch\u00fcler und der j\u00fcngste Sohn Abdullah, der bereits hier in Graz geboren wurde, kam im September in den Kindergarten (kostenpflichtig).<\/p>\n<div class=\"inline-block\">\n<div class=\"small-text\"><strong>Gestartet von<\/strong><\/div>\n<div class=\"name\"><strong>Karl Zacharnik<\/strong><\/div>\n<\/div>\n<\/div>\n<div><\/div>\n<div>https:\/\/mein.aufstehn.at<\/div>\n<\/div>\n","protected":false},"excerpt":{"rendered":"<p>An:\u00a0An Innenminister Herbert KICKL Familie Jasakov muss bleiben! Gestern Sonntag (!) 21.1.18 um 5h 30 (!) fr\u00fch wurde die seit 5 Jahren in Graz lebende und sehr gut integrierte 8 k\u00f6pfige tschetschenische Familie Jasakov aus ihrer Wohnung abgeholt! Es kamen 6 Beamte, gaben ihnen knapp 1,5 Stunden Zeit, ihre Koffer zu packen und fuhren sie [&hellip;]<\/p>\n","protected":false},"author":2,"featured_media":0,"comment_status":"closed","ping_status":"closed","sticky":false,"template":"","format":"standard","meta":{"_jetpack_memberships_contains_paid_content":false,"footnotes":""},"categories":[6],"tags":[],"class_list":["post-4938","post","type-post","status-publish","format-standard","hentry","category-politik"],"jetpack_featured_media_url":"","jetpack_sharing_enabled":true,"_links":{"self":[{"href":"http:\/\/ichkeria.at\/index.php?rest_route=\/wp\/v2\/posts\/4938","targetHints":{"allow":["GET"]}}],"collection":[{"href":"http:\/\/ichkeria.at\/index.php?rest_route=\/wp\/v2\/posts"}],"about":[{"href":"http:\/\/ichkeria.at\/index.php?rest_route=\/wp\/v2\/types\/post"}],"author":[{"embeddable":true,"href":"http:\/\/ichkeria.at\/index.php?rest_route=\/wp\/v2\/users\/2"}],"replies":[{"embeddable":true,"href":"http:\/\/ichkeria.at\/index.php?rest_route=%2Fwp%2Fv2%2Fcomments&post=4938"}],"version-history":[{"count":3,"href":"http:\/\/ichkeria.at\/index.php?rest_route=\/wp\/v2\/posts\/4938\/revisions"}],"predecessor-version":[{"id":4942,"href":"http:\/\/ichkeria.at\/index.php?rest_route=\/wp\/v2\/posts\/4938\/revisions\/4942"}],"wp:attachment":[{"href":"http:\/\/ichkeria.at\/index.php?rest_route=%2Fwp%2Fv2%2Fmedia&parent=4938"}],"wp:term":[{"taxonomy":"category","embeddable":true,"href":"http:\/\/ichkeria.at\/index.php?rest_route=%2Fwp%2Fv2%2Fcategories&post=4938"},{"taxonomy":"post_tag","embeddable":true,"href":"http:\/\/ichkeria.at\/index.php?rest_route=%2Fwp%2Fv2%2Ftags&post=4938"}],"curies":[{"name":"wp","href":"https:\/\/api.w.org\/{rel}","templated":true}]}}