{"id":4950,"date":"2018-01-23T22:10:18","date_gmt":"2018-01-23T20:10:18","guid":{"rendered":"http:\/\/ichkeria.at\/?p=4950"},"modified":"2018-01-23T22:10:18","modified_gmt":"2018-01-23T20:10:18","slug":"massenquartiere-ohne-massen","status":"publish","type":"post","link":"http:\/\/ichkeria.at\/?p=4950&lang=de","title":{"rendered":"Massenquartiere ohne Massen"},"content":{"rendered":"<div class=\"em_rotate em_reset_top ui-tabs ui-widget ui-widget-content ui-corner-all\">\n<div class=\"em_horizontal_spacer\">\n<figure style=\"width: 425px\" class=\"wp-caption alignleft\"><img loading=\"lazy\" decoding=\"async\" class=\"em_article_image\" title=\"Im Erstaufnahmezentrum Traiskirchen leben derzeit 449 Fl\u00fcchtlinge - Platz ist f\u00fcr 1800.\" src=\"http:\/\/www.wienerzeitung.at\/_em_daten\/_cache\/image\/1xS2TRCfeMscDUejP4i7n1S6mM5BPtM4IY5uTin7aP4srkHkEDvPAeqmHEvxexkliztRIGTRL6Jc9M3i4HbidzNA\/180117-1811-948-0900-122314-180111asyl.jpg\" alt=\"Im Erstaufnahmezentrum Traiskirchen leben derzeit 449 Fl\u00fcchtlinge - Platz ist f\u00fcr 1800.\" width=\"425\" height=\"318\" \/><figcaption class=\"wp-caption-text\">Im Erstaufnahmezentrum Traiskirchen leben derzeit 449 Fl\u00fcchtlinge &#8211; Platz ist f\u00fcr 1800.\u00a9 apa\/Neubauer<\/figcaption><\/figure>\n<\/div>\n<\/div>\n<div class=\"em_cnt_center\">\n<div class=\"em_cnt_middle\">\n<div id=\"em_cnt_artikel\" class=\"em_cnt_artikelansicht ui-tabs-panel ui-widget-content ui-corner-bottom\">\n<div id=\"em_artikelansicht_artikel\">\n<div class=\"em_artikelansicht_zusatzcontent em_right em_cnt_zoom\">\n<div class=\"em_zusatz_box_container\">\n<div class=\"em_zusatz_box\">\n<div class=\"em_zusatz_box_body\">\n<div>\n<ul id=\"em_keyword_list_article\" class=\"em_keyword_list\">\n<li><strong>Die Regierung plant eine Bundesagentur f\u00fcr die Fl\u00fcchtlingsbetreuung, Minister Kickl spricht von Gro\u00dfquartieren &#8211; die Zahl der Fl\u00fcchtlinge sinkt jedoch.<\/strong><\/li>\n<\/ul>\n<\/div>\n<div class=\"em_clear\">Wien. Dass \u00d6sterreichs Asylrecht versch\u00e4rft werden soll, hatten \u00d6VP und FP\u00d6 bereits im Wahlkampf angek\u00fcndigt. Laut Regierungsprogramm sollen nun die Betreuungs- und Unterst\u00fctzungsleistungen von einer Bundesagentur geregelt werden, Innenminister Herbert Kickl (FP\u00d6) spricht von Asyl-Gro\u00dfquartieren als Grundversorgungszentren. Von einer &#8222;konzentrierten&#8220; Unterbringung der Fl\u00fcchtlinge, wobei die Wortwahl bereits f\u00fcr erhebliches Aufsehen sorgte. Derzeit sind die L\u00e4nder f\u00fcr den gr\u00f6\u00dften Anteil an Quartieren zust\u00e4ndig. Die Abschaffung privater Quartiere w\u00e4re mit Mehrkosten f\u00fcr die \u00f6ffentliche Hand verbunden, kritisieren diese.<\/div>\n<\/div>\n<\/div>\n<\/div>\n<\/div>\n<p class=\"em_text\">Betrachtet man die Debatte \u00fcber Gro\u00dfquartiere, m\u00f6chte man grunds\u00e4tzlich meinen, dass die Zahl der Fl\u00fcchtlinge weiter steigt. Dass man es mit Massen zu tun hat. Allein &#8211; dem ist nicht so. Die Zahl sinkt, hei\u00dft es aus dem Innenministerium. Die Gesamtzahl aller Menschen in Grundversorgung, die aktuell im Kompetenzbereich des Bundes und der L\u00e4nder liegt, betrage 60.442, sagt Sprecher Karl-Heinz Grundb\u00f6ck zur &#8222;Wiener Zeitung&#8220;. Anfang 2016 seien es noch rund 90.000 gewesen. F\u00fcr die Zukunft gehe man von einer stabilen Entwicklung aus.<\/p>\n<div class=\"em_ad_container\">\n<div><\/div>\n<div class=\"em_horizontal_spacer\"><strong><span class=\"zt\">\u00a0 \u00a0 Kein Bundesquartier ist zurzeit voll belegt<\/span><\/strong><\/div>\n<\/div>\n<p class=\"em_text\">Keines der insgesamt 27 Quartiere des Bundes sei voll belegt, so Grundb\u00f6ck. Insgesamt lebten zur Zeit 1528 Menschen in einem Bundesquartier. Den h\u00f6chsten Belagsstand habe Traiskirchen in Nieder\u00f6sterreich mit 449 Asylwerbern &#8211; Platz gebe es hier f\u00fcr 1800. Im Sommer 2015, kurz nachdem sich eine gro\u00dfe Anzahl an Fl\u00fcchtlingen auf den Weg nach Europa gemacht hatte, waren noch rund 4000 dort. Damals wurden erstmals Zelte in Traiskirchen aufgestellt.<\/p>\n<p class=\"em_text\">Im zweitgr\u00f6\u00dften Bundesquartier lebten heute nur noch rund 148 Asylwerber, sagt Grundb\u00f6ck. In weiteren drei Quartieren liege die Zahl \u00fcber 50, in vieren sei sie einstellig und in den restlichen im zweistelligen Bereich unter 50.<\/p>\n<p class=\"em_text\">In drei dieser Quartiere &#8211; in Traiskirchen, Thalham in Ober\u00f6sterreich und am Flughafen Schwechat -, findet die Erstaufnahme statt. Die Fl\u00fcchtlinge bringen hier den Antrag auf internationalen Schutz ein. Werden sie zum Verfahren in \u00d6sterreich zugelassen, rutschen sie in die Grundversorgung &#8211; und damit in die Zust\u00e4ndigkeit der L\u00e4nder. Diese sind von da an auch f\u00fcr die Quartiere zust\u00e4ndig.<\/p>\n<p class=\"em_text\">Landesquartiere gibt es einige tausend in \u00d6sterreich. Wer ein Landesquartier betreiben darf, wird per Ausschreibung entschieden, der Betreiber schlie\u00dft einen Vertrag mit dem Land ab. In Wien sind das vor allem NGOs, aber auch gewerbliche Betriebe wie Pensionen. In einem Landesquartier leben in jedem Fall weniger als 40 Personen. Und dann gibt es noch die M\u00f6glichkeit, dass Fl\u00fcchtlinge in privaten Quartieren oder Wohngemeinschaften wohnen. Laut Anny Knapp, Obfrau des Vereins &#8222;Asylkoordination \u00d6sterreich&#8220;, betrifft das in Wien 60 Prozent der Asylwerber.<\/p>\n<div class=\"em_rotate em_reset_top ui-tabs ui-widget ui-widget-content ui-corner-all\">\n<div class=\"em_clear\"><\/div>\n<\/div>\n<div class=\"em_cnt_center\">\n<div class=\"em_cnt_middle\"><strong><span class=\"em_cnt_artikelansicht_uz\">Von Petra Tempfer<\/span><\/strong><\/div>\n<\/div>\n<div><\/div>\n<div><\/div>\n<div>http:\/\/www.wienerzeitung.at<\/div>\n<\/div>\n<\/div>\n<\/div>\n<\/div>\n","protected":false},"excerpt":{"rendered":"<p>Die Regierung plant eine Bundesagentur f\u00fcr die Fl\u00fcchtlingsbetreuung, Minister Kickl spricht von Gro\u00dfquartieren &#8211; die Zahl der Fl\u00fcchtlinge sinkt jedoch. Wien. Dass \u00d6sterreichs Asylrecht versch\u00e4rft werden soll, hatten \u00d6VP und FP\u00d6 bereits im Wahlkampf angek\u00fcndigt. Laut Regierungsprogramm sollen nun die Betreuungs- und Unterst\u00fctzungsleistungen von einer Bundesagentur geregelt werden, Innenminister Herbert Kickl (FP\u00d6) spricht von Asyl-Gro\u00dfquartieren [&hellip;]<\/p>\n","protected":false},"author":2,"featured_media":0,"comment_status":"closed","ping_status":"closed","sticky":false,"template":"","format":"standard","meta":{"_jetpack_memberships_contains_paid_content":false,"footnotes":""},"categories":[19],"tags":[],"class_list":["post-4950","post","type-post","status-publish","format-standard","hentry","category-religion"],"jetpack_featured_media_url":"","jetpack_sharing_enabled":true,"_links":{"self":[{"href":"http:\/\/ichkeria.at\/index.php?rest_route=\/wp\/v2\/posts\/4950","targetHints":{"allow":["GET"]}}],"collection":[{"href":"http:\/\/ichkeria.at\/index.php?rest_route=\/wp\/v2\/posts"}],"about":[{"href":"http:\/\/ichkeria.at\/index.php?rest_route=\/wp\/v2\/types\/post"}],"author":[{"embeddable":true,"href":"http:\/\/ichkeria.at\/index.php?rest_route=\/wp\/v2\/users\/2"}],"replies":[{"embeddable":true,"href":"http:\/\/ichkeria.at\/index.php?rest_route=%2Fwp%2Fv2%2Fcomments&post=4950"}],"version-history":[{"count":1,"href":"http:\/\/ichkeria.at\/index.php?rest_route=\/wp\/v2\/posts\/4950\/revisions"}],"predecessor-version":[{"id":4951,"href":"http:\/\/ichkeria.at\/index.php?rest_route=\/wp\/v2\/posts\/4950\/revisions\/4951"}],"wp:attachment":[{"href":"http:\/\/ichkeria.at\/index.php?rest_route=%2Fwp%2Fv2%2Fmedia&parent=4950"}],"wp:term":[{"taxonomy":"category","embeddable":true,"href":"http:\/\/ichkeria.at\/index.php?rest_route=%2Fwp%2Fv2%2Fcategories&post=4950"},{"taxonomy":"post_tag","embeddable":true,"href":"http:\/\/ichkeria.at\/index.php?rest_route=%2Fwp%2Fv2%2Ftags&post=4950"}],"curies":[{"name":"wp","href":"https:\/\/api.w.org\/{rel}","templated":true}]}}