{"id":4995,"date":"2018-01-31T11:53:15","date_gmt":"2018-01-31T09:53:15","guid":{"rendered":"http:\/\/ichkeria.at\/?p=4995"},"modified":"2018-01-31T11:53:15","modified_gmt":"2018-01-31T09:53:15","slug":"mit-1-februar-startet-neue-wiener-mindestsicherung","status":"publish","type":"post","link":"http:\/\/ichkeria.at\/?p=4995&lang=de","title":{"rendered":"Mit 1. Februar startet neue Wiener Mindestsicherung"},"content":{"rendered":"<div class=\"story_head\">\n<div class=\"story_titles\">\n<figure id=\"attachment_4996\" aria-describedby=\"caption-attachment-4996\" style=\"width: 600px\" class=\"wp-caption alignleft\"><img loading=\"lazy\" decoding=\"async\" class=\"wp-image-4996 size-full\" src=\"http:\/\/ichkeria.at\/wp-content\/uploads\/2018\/01\/mindes..jpg\" alt=\"\" width=\"600\" height=\"293\" srcset=\"http:\/\/ichkeria.at\/wp-content\/uploads\/2018\/01\/mindes..jpg 600w, http:\/\/ichkeria.at\/wp-content\/uploads\/2018\/01\/mindes.-300x147.jpg 300w, http:\/\/ichkeria.at\/wp-content\/uploads\/2018\/01\/mindes.-480x234.jpg 480w\" sizes=\"auto, (max-width: 600px) 100vw, 600px\" \/><figcaption id=\"caption-attachment-4996\" class=\"wp-caption-text\">Die gr\u00fcne Sozialsprecherin Birgit Hebein mit Sozialstadtr\u00e4tin Sandra Frauenberger (SP\u00d6): Die neue Wiener Mindestsicherung tritt mit 1. Februar in Kraft. (Bild: Denise Auer<\/figcaption><\/figure>\n<p><strong>von Gerda Mackerle\u00a0&#8211; Ab Donnerstag ist das neue Gesetz zur Mindestsicherung g\u00fcltig \u2013 ohne Wartefrist. &#8222;Heute&#8220; erkl\u00e4rt, was sich ab Donnerstag f\u00fcr die Wiener \u00e4ndert.<\/strong><\/p>\n<\/div>\n<div class=\"story_media\">\n<p>Die gr\u00fcne Sozialsprecherin Birgit Hebein mit Sozialstadtr\u00e4tin Sandra Frauenberger (SP\u00d6): Die neue Wiener Mindestsicherung tritt mit 1. Februar in Kraft. (Bild: Denise Auer)<\/p>\n<\/div>\n<\/div>\n<div class=\"story_content \">\n<div class=\"thematic_box\">\n<div class=\"proofreading\">\n<div class=\"form-adapted form-main desktop\" data-formular-adapted=\"form7\" data-formular-lang=\"de\">\n<div class=\"form_container\"><\/div>\n<\/div>\n<\/div>\n<\/div>\n<div class=\"story_text\">\n<div id=\"content-ad-pos1\">&#8222;Wenn Menschen stolpern, hilft man ihnen auf \u2013 und tritt nicht noch nach&#8220;, so die gr\u00fcne Sozialsprecherin Birgit Hebein. Das sei der &#8222;Unterschied zwischen Rot-Gr\u00fcn und Schwarz-Blau&#8220; Da sich die Bundesregierung bis letzten Freitag nicht dagegen ausgesprochen hat, tritt das Wiener Mindestsicherungsgesetz (WMS) mit 1. 2. in Kraft. Das ist neu:<\/div>\n<p><span class=\"story_infobox\"><span class=\"info_text\"><b>Das \u00e4ndert sich f\u00fcr junge Erwachsene (bis 25 Jahre):\u00a0<\/b><\/p>\n<p>\u2013 Jugendliche im Alter von 18 bis 21 Jahren im Haushalt der Eltern bekommen ohne Ausbildung oder Besch\u00e4ftigung 431,52 Euro (wie bisher)<\/p>\n<p>\u2013 Jugendliche mit Ausbildung\/Besch\u00e4ftigung bekommen 647,28 Euro<\/p>\n<p>\u2013 F\u00fcr Jugendliche im Alter von 21 bis 25 Jahren im Haushalt der Eltern entf\u00e4llt der bisher zugerechnete Wohnkostenanteil (weil dieser bei den Eltern abgedeckt ist). Sie bekommen ohne Ausbildung 431,52 Euro, mit Ausbildung oder Besch\u00e4ftigung 647,28 Euro,<\/p>\n<p>\u2013 18 bis 25-J\u00e4hrige im eigenen Haushalt bekommen ohne Ausbildung oder Besch\u00e4ftigung 647,28 Euro, mit Ausbildung oder Besch\u00e4ftigung 863,04 Euro (also den vollen Richtsatz).<\/p>\n<p>\u00dcbrigens: Eine Voraussetzung, die Wiener Mindestsicherung beziehen zu k\u00f6nnen, ist \u2013 wie bisher \u2013, dass das Verm\u00f6gen nur noch 4.315,20 Euro (pro Haushalt) betr\u00e4gt.<\/span><\/span><b>\u2013 Arbeitsanreiz:<\/b>\u00a0F\u00fcr Junge (bis 25 Jahre) gibt es eine \u00dcbergangszeit von vier Monaten mit Sozialarbeiter-Betreuung. Dann m\u00fcssen sie Ausbildung oder Job annehmen, sonst wird WMS gek\u00fcrzt. 6.700 zus\u00e4tzliche Angebote f\u00fcr junge Menschen \u2013 in den Bereichen Ausbildung, Besch\u00e4ftigung und Qualifizierung \u2013 kommen.<\/p>\n<p><b>\u2013 Besch\u00e4ftigungsbonus:<\/b>\u00a0Wer arbeitet und zugleich Mindestsicherung bezieht, wird belohnt. Urlaubs- und Weihnachtsgeld werden ausbezahlt (bisher wurde es angerechnet). Durchgehende Erwerbst\u00e4tigkeit (ein halbes Jahr bei Unter-25-J\u00e4hrigen, ein Jahr bei \u00c4lteren) wird mit einem einmaligen Bonus (828,5 Euro, das sind 8 Prozent des 12-fachen Mindeststandards) belohnt.<\/p>\n<p><b>\u2013 Sachleistungen:<\/b>\u00a0Neben Energie-Hilfe gibt\u2019s die M\u00f6glichkeit, etwa die Miete direkt zu \u00fcberweisen. F\u00fcr bestimmte Dauerleistungsbezieher gibt\u2019s Gesundheits-Unterst\u00fctzung statt Sonderzahlungen.<\/p>\n<\/div>\n<p>&nbsp;<\/p>\n<p>http:\/\/www.heute.at<\/p>\n<\/div>\n","protected":false},"excerpt":{"rendered":"<p>von Gerda Mackerle\u00a0&#8211; Ab Donnerstag ist das neue Gesetz zur Mindestsicherung g\u00fcltig \u2013 ohne Wartefrist. &#8222;Heute&#8220; erkl\u00e4rt, was sich ab Donnerstag f\u00fcr die Wiener \u00e4ndert. Die gr\u00fcne Sozialsprecherin Birgit Hebein mit Sozialstadtr\u00e4tin Sandra Frauenberger (SP\u00d6): Die neue Wiener Mindestsicherung tritt mit 1. Februar in Kraft. (Bild: Denise Auer) &#8222;Wenn Menschen stolpern, hilft man ihnen auf [&hellip;]<\/p>\n","protected":false},"author":2,"featured_media":0,"comment_status":"closed","ping_status":"closed","sticky":false,"template":"","format":"standard","meta":{"_jetpack_memberships_contains_paid_content":false,"footnotes":""},"categories":[19],"tags":[],"class_list":["post-4995","post","type-post","status-publish","format-standard","hentry","category-religion"],"jetpack_featured_media_url":"","jetpack_sharing_enabled":true,"_links":{"self":[{"href":"http:\/\/ichkeria.at\/index.php?rest_route=\/wp\/v2\/posts\/4995","targetHints":{"allow":["GET"]}}],"collection":[{"href":"http:\/\/ichkeria.at\/index.php?rest_route=\/wp\/v2\/posts"}],"about":[{"href":"http:\/\/ichkeria.at\/index.php?rest_route=\/wp\/v2\/types\/post"}],"author":[{"embeddable":true,"href":"http:\/\/ichkeria.at\/index.php?rest_route=\/wp\/v2\/users\/2"}],"replies":[{"embeddable":true,"href":"http:\/\/ichkeria.at\/index.php?rest_route=%2Fwp%2Fv2%2Fcomments&post=4995"}],"version-history":[{"count":1,"href":"http:\/\/ichkeria.at\/index.php?rest_route=\/wp\/v2\/posts\/4995\/revisions"}],"predecessor-version":[{"id":4997,"href":"http:\/\/ichkeria.at\/index.php?rest_route=\/wp\/v2\/posts\/4995\/revisions\/4997"}],"wp:attachment":[{"href":"http:\/\/ichkeria.at\/index.php?rest_route=%2Fwp%2Fv2%2Fmedia&parent=4995"}],"wp:term":[{"taxonomy":"category","embeddable":true,"href":"http:\/\/ichkeria.at\/index.php?rest_route=%2Fwp%2Fv2%2Fcategories&post=4995"},{"taxonomy":"post_tag","embeddable":true,"href":"http:\/\/ichkeria.at\/index.php?rest_route=%2Fwp%2Fv2%2Ftags&post=4995"}],"curies":[{"name":"wp","href":"https:\/\/api.w.org\/{rel}","templated":true}]}}