{"id":5516,"date":"2018-03-14T00:16:19","date_gmt":"2018-03-13T22:16:19","guid":{"rendered":"http:\/\/ichkeria.at\/?p=5516"},"modified":"2018-03-14T00:23:28","modified_gmt":"2018-03-13T22:23:28","slug":"naechste-attacke-in-wien-mann-geht-auf-polizist-los","status":"publish","type":"post","link":"http:\/\/ichkeria.at\/?p=5516&lang=de","title":{"rendered":"N\u00e4chste Attacke in Wien: Mann geht auf Polizist los"},"content":{"rendered":"<div class=\"story_head\">\n<div class=\"story_titles\">\n<figure id=\"attachment_5519\" aria-describedby=\"caption-attachment-5519\" style=\"width: 600px\" class=\"wp-caption alignleft\"><img loading=\"lazy\" decoding=\"async\" class=\"wp-image-5519 size-full\" src=\"http:\/\/ichkeria.at\/wp-content\/uploads\/2018\/03\/topelement-3.jpg\" alt=\"\" width=\"600\" height=\"293\" srcset=\"http:\/\/ichkeria.at\/wp-content\/uploads\/2018\/03\/topelement-3.jpg 600w, http:\/\/ichkeria.at\/wp-content\/uploads\/2018\/03\/topelement-3-300x147.jpg 300w, http:\/\/ichkeria.at\/wp-content\/uploads\/2018\/03\/topelement-3-480x234.jpg 480w\" sizes=\"auto, (max-width: 600px) 100vw, 600px\" \/><figcaption id=\"caption-attachment-5519\" class=\"wp-caption-text\">Parlament Ausweichquartier am Heldenplatz in Wien. (Bild: picturedesk.com)<\/figcaption><\/figure>\n<p><strong>Alle verf\u00fcgbaren Einsatzkr\u00e4fte wurden in die Innenstadt beordert, wie &#8222;heute.at&#8220; erfuhr. Vor dem Parlament wollte ein Mann einen Polizisten aus dem Auto zerren.<\/strong><\/p>\n<\/div>\n<div class=\"story_media\">\n<p>Parlament Ausweichquartier am Heldenplatz in Wien. (Bild: picturedesk.com)<\/p>\n<\/div>\n<\/div>\n<div class=\"story_content \">\n<div class=\"story_text\">\n<p>Am Dienstagvormittag wurde die Wiener Polizei zu einem Gro\u00dfeinsatz in die Wiener Innenstadt alarmiert. Vor dem (provisorischen) Parlament hatte kurz nach 8 Uhr ein afghanischer Staatsb\u00fcrger einen Polizisten attackiert. Der 26-J\u00e4hrige sprach einen im Streifenwagen sitzenden Polizisten an, der dort gerade eine \u00dcberwachungst\u00e4tigkeit durchf\u00fchrte.<\/p>\n<div id=\"content-ad-pos2\">\u00a0W\u00e4hrend des Gespr\u00e4chs ergriff der Tatverd\u00e4chtige den Polizisten pl\u00f6tzlich an seiner Bekleidung und versuchte, ihn aus dem Auto zu zerren Der Polizist wehrte die Attacke mit Pfefferspray ab, wodurch der Angreifer leicht verletzt wurde, danach konnte er festgenommen werden.<\/div>\n<p>Derzeit f\u00fchren Ermittler des Landesamtes f\u00fcr Verfassungsschutz und Terrorismusbek\u00e4mpfung (LVT) die Beschuldigteneinvernahme mit dem Festgenommenen durch. Der Polizist blieb unverletzt.<\/p>\n<p>Wie &#8222;Heute&#8220; erfuhr, wurden alle verf\u00fcgbaren Streifen zum m\u00f6glichen Tatort beordert.<\/p>\n<p>Erst Sonntagnacht war es zu einer folgenschweren Attacke in Wien vor der iranischen Residenz in der Wenzgasse gekommen.\u00a0<a href=\"http:\/\/www.heute.at\/oesterreich\/news\/story\/Attacke-auf-Soldat-vor-Iran-Residenz-Wenzgasse-Wien-Die-vierte-Kugel-toetete-Islam-Fanatiker-49247455\" target=\"_blank\" rel=\"noopener\">Ein Angreifer ging auf den Wachposten los, der Soldat wehrte sich, feuerte vier Sch\u00fcsse ab &#8211; die letzte Kugel war t\u00f6dlich, mehr dazu hier &gt;&gt;<\/a><\/p>\n<p><b>Die Fotos: Hier erschoss der Soldat den Angreifer<\/b><\/p>\n<div id=\"multislider_dtc_4026314_inl_0\" class=\"multislider_maw gallery inlined\">\n<div class=\"navigated forward shown\"><\/div>\n<div class=\"gallerybar zoom-in hooked\">\n<div class=\"imageholder\">\n<div class=\"imagewrap\">\n<p><img decoding=\"async\" class=\"\" src=\"http:\/\/www.heute.at\/diashow\/4026314\/b639f0314fcfa1db609043003397a293.jpg\" alt=\"\" \/><\/p>\n<div class=\"caption\">\n<p>Vor der iranischen Botschaft in Wien-Hietzing ist es Sonntagnacht gegen 23.35 Uhr zu einer Messerattacke gekommen.\u00a0Bild: Denise Auer<\/p>\n<\/div>\n<\/div>\n<div class=\"imagewrap\">\n<p><img decoding=\"async\" class=\"\" src=\"http:\/\/www.heute.at\/diashow\/4026314\/1a2e8695d987c3366f2982069644e27c.jpg\" alt=\"\" \/><\/p>\n<div class=\"caption\">\n<p>Ein 23-j\u00e4hriger Soldat ver\u00fcbte gerade seinen Dienst als \u00dcberwachungsposten vor dem Botschaftsgeb\u00e4ude, als sich ihm ein Mann n\u00e4herte.\u00a0Bild: Denise Auer<\/p>\n<\/div>\n<\/div>\n<div class=\"imagewrap\">\n<p><img decoding=\"async\" src=\"http:\/\/www.heute.at\/diashow\/4026314\/1d15bde42ccc1999240cba0917184976.jpg\" alt=\"\" \/><\/p>\n<div class=\"caption\">\n<p>Pl\u00f6tzlich griff der 26-J\u00e4hrige in seine Jacke, zog ein Messer und ging damit auf den Heeresangeh\u00f6rigen los. Der Soldat wich zur\u00fcck und versuchte den Angreifer mit dem Pfefferspray zu stoppen.\u00a0Bild: Denise Auer<\/p>\n<\/div>\n<\/div>\n<\/div>\n<\/div>\n<\/div>\n<p>&nbsp;<\/p>\n<p>http:\/\/www.heute.at<\/p>\n<\/div>\n<\/div>\n","protected":false},"excerpt":{"rendered":"<p>Alle verf\u00fcgbaren Einsatzkr\u00e4fte wurden in die Innenstadt beordert, wie &#8222;heute.at&#8220; erfuhr. Vor dem Parlament wollte ein Mann einen Polizisten aus dem Auto zerren. Parlament Ausweichquartier am Heldenplatz in Wien. (Bild: picturedesk.com) Am Dienstagvormittag wurde die Wiener Polizei zu einem Gro\u00dfeinsatz in die Wiener Innenstadt alarmiert. Vor dem (provisorischen) Parlament hatte kurz nach 8 Uhr ein [&hellip;]<\/p>\n","protected":false},"author":2,"featured_media":0,"comment_status":"closed","ping_status":"closed","sticky":false,"template":"","format":"standard","meta":{"_jetpack_memberships_contains_paid_content":false,"footnotes":""},"categories":[19],"tags":[],"class_list":["post-5516","post","type-post","status-publish","format-standard","hentry","category-religion"],"jetpack_featured_media_url":"","jetpack_sharing_enabled":true,"_links":{"self":[{"href":"http:\/\/ichkeria.at\/index.php?rest_route=\/wp\/v2\/posts\/5516","targetHints":{"allow":["GET"]}}],"collection":[{"href":"http:\/\/ichkeria.at\/index.php?rest_route=\/wp\/v2\/posts"}],"about":[{"href":"http:\/\/ichkeria.at\/index.php?rest_route=\/wp\/v2\/types\/post"}],"author":[{"embeddable":true,"href":"http:\/\/ichkeria.at\/index.php?rest_route=\/wp\/v2\/users\/2"}],"replies":[{"embeddable":true,"href":"http:\/\/ichkeria.at\/index.php?rest_route=%2Fwp%2Fv2%2Fcomments&post=5516"}],"version-history":[{"count":4,"href":"http:\/\/ichkeria.at\/index.php?rest_route=\/wp\/v2\/posts\/5516\/revisions"}],"predecessor-version":[{"id":5521,"href":"http:\/\/ichkeria.at\/index.php?rest_route=\/wp\/v2\/posts\/5516\/revisions\/5521"}],"wp:attachment":[{"href":"http:\/\/ichkeria.at\/index.php?rest_route=%2Fwp%2Fv2%2Fmedia&parent=5516"}],"wp:term":[{"taxonomy":"category","embeddable":true,"href":"http:\/\/ichkeria.at\/index.php?rest_route=%2Fwp%2Fv2%2Fcategories&post=5516"},{"taxonomy":"post_tag","embeddable":true,"href":"http:\/\/ichkeria.at\/index.php?rest_route=%2Fwp%2Fv2%2Ftags&post=5516"}],"curies":[{"name":"wp","href":"https:\/\/api.w.org\/{rel}","templated":true}]}}