{"id":5650,"date":"2018-03-20T00:48:36","date_gmt":"2018-03-19T22:48:36","guid":{"rendered":"http:\/\/ichkeria.at\/?p=5650"},"modified":"2018-03-20T00:48:36","modified_gmt":"2018-03-19T22:48:36","slug":"polizei-sucht-vermisste-gloria-hoffnung-lebt","status":"publish","type":"post","link":"http:\/\/ichkeria.at\/?p=5650&lang=de","title":{"rendered":"Polizei sucht vermisste Gloria: &#8222;Hoffnung lebt&#8220;"},"content":{"rendered":"<div class=\"story_head\">\n<div class=\"story_titles\">\n<figure id=\"attachment_5651\" aria-describedby=\"caption-attachment-5651\" style=\"width: 486px\" class=\"wp-caption alignleft\"><img loading=\"lazy\" decoding=\"async\" class=\"size-full wp-image-5651\" src=\"http:\/\/ichkeria.at\/wp-content\/uploads\/2018\/03\/glorija.jpg\" alt=\"\" width=\"486\" height=\"600\" srcset=\"http:\/\/ichkeria.at\/wp-content\/uploads\/2018\/03\/glorija.jpg 486w, http:\/\/ichkeria.at\/wp-content\/uploads\/2018\/03\/glorija-243x300.jpg 243w, http:\/\/ichkeria.at\/wp-content\/uploads\/2018\/03\/glorija-480x593.jpg 480w, http:\/\/ichkeria.at\/wp-content\/uploads\/2018\/03\/glorija-405x500.jpg 405w\" sizes=\"auto, (max-width: 486px) 100vw, 486px\" \/><figcaption id=\"caption-attachment-5651\" class=\"wp-caption-text\">Die 26-j\u00e4hrige Gloria Albrecht aus Lustenau wird vermisst.<\/figcaption><\/figure>\n<p><strong>Seit zwei Wochen ist Gloria Albrecht aus Lustenau (Vorarlberg) abg\u00e4ngig. Die Polizei hat zwar bereits einige Hinweise bekommen, von der 26-J\u00e4hrigen fehlt aber weiter jede Spur.<\/strong><\/p>\n<\/div>\n<div class=\"story_media\">\n<div id=\"topelement_4026402\" class=\"topelement picture\">\n<div class=\"gallerybar\">\n<div class=\"imageholder\">\n<div class=\"imagewrap\"><strong>Am 5. M\u00e4rz gegen 18.00 Uhr hat Glorias Mutter Christina Albrecht ihre Tochter zum letzten Mal gesehen. Seither fehlt von der 26-J\u00e4hrigen aus Lustenau jede Spur.<\/strong><\/div>\n<\/div>\n<\/div>\n<\/div>\n<\/div>\n<\/div>\n<div class=\"story_content \">\n<div class=\"story_text\">\n<div id=\"content-ad-pos2\"><\/div>\n<p>Die Familie macht sich deshalb gro\u00dfe Sorgen um die 26-J\u00e4hrige.\u00a0<a href=\"http:\/\/www.heute.at\/oesterreich\/vorarlberg\/story\/Mutter-verzweifelt---Gloria--bitte-melde-dich-bei-uns---57650443\" target=\"_blank\" rel=\"noopener\">&#8222;Gloria, bitte melde dich bei uns!&#8220;<\/a>, so die verzweifelte Mutter. Zwar sei die Vorarlbergerin auch schon fr\u00fcher &#8222;l\u00e4nger von zuhause weg&#8220; gewesen, ihren Eltern habe sie dar\u00fcber aber immer informiert.<\/p>\n<p>&#8222;Je l\u00e4nger man sie nicht findet, desto mehr glaube ich, dass ihr etwas passiert ist&#8220;, sagt Mutter Christina. Auf Facebook haben ihre Angeh\u00f6rigen und Freunde einen Suchaufruf gestartet, der bereits tausende Male geteilt wurde.<\/p>\n<p><b>Umfeld von Gloria \u00fcberpr\u00fcft<\/b><\/p>\n<p>Auch die Polizei sucht weiterhin aktiv nach dem M\u00e4dchen. Auf Nachfrage von &#8222;heute.at&#8220; erkl\u00e4rte die Polizei, dass bereits zahlreiche Hinweise auf den m\u00f6glichen Aufenthaltsort von Gloria eingegangen sind, diese stellten sich bei einer genaueren \u00dcberpr\u00fcfung dann aber leider als falsch heraus.<\/p>\n<p>Die Suche nach der 26-J\u00e4hrigen blieb bisher ohne Erfolg. Die Beh\u00f6rde gehe jeden Hinweis nach und hat nat\u00fcrlich auch das n\u00e4here Umfeld von Gloria unter die Lupe genommen. Dennoch g\u00e4be es laut Polizei keine Indizien auf den Verbleib der Vorarlbergerin.<\/p>\n<p>Die Beamten tappen im Dunkeln, sind aber weiterhin zuversichtlich. &#8222;Die Hoffnung, das Gloria gefunden wird, lebt&#8220;, so ein Polizist gegen\u00fcber &#8222;heute.at&#8220;. Von einem Gewaltverbrechen gehe man nicht aus.<\/p>\n<p><b>Personenbeschreibung<\/b><\/p>\n<p>Gloria ist knapp 1,72 Meter gro\u00df, schlank, hat blaue Augen und blonde lange Haare. Zuletzt war die 26-J\u00e4hrige mit einem gr\u00fcnen Parka und grauen Sneakers der Marke Victory bekleidet. Au\u00dferdem trug sie einen auff\u00e4llig roten Rucksack mit Ledertr\u00e4gern.<\/p>\n<p><strong>Sachdienliche Hinweise bitte an die Polizei Lustenau unter der Telefonnummer 059 133 8144 100.<\/strong><\/p>\n<p>&nbsp;<\/p>\n<p>http:\/\/www.heute.at<\/p>\n<\/div>\n<\/div>\n","protected":false},"excerpt":{"rendered":"<p>Seit zwei Wochen ist Gloria Albrecht aus Lustenau (Vorarlberg) abg\u00e4ngig. Die Polizei hat zwar bereits einige Hinweise bekommen, von der 26-J\u00e4hrigen fehlt aber weiter jede Spur. Am 5. M\u00e4rz gegen 18.00 Uhr hat Glorias Mutter Christina Albrecht ihre Tochter zum letzten Mal gesehen. Seither fehlt von der 26-J\u00e4hrigen aus Lustenau jede Spur. Die Familie macht [&hellip;]<\/p>\n","protected":false},"author":2,"featured_media":0,"comment_status":"closed","ping_status":"closed","sticky":false,"template":"","format":"standard","meta":{"_jetpack_memberships_contains_paid_content":false,"footnotes":""},"categories":[19],"tags":[],"class_list":["post-5650","post","type-post","status-publish","format-standard","hentry","category-religion"],"jetpack_featured_media_url":"","jetpack_sharing_enabled":true,"_links":{"self":[{"href":"http:\/\/ichkeria.at\/index.php?rest_route=\/wp\/v2\/posts\/5650","targetHints":{"allow":["GET"]}}],"collection":[{"href":"http:\/\/ichkeria.at\/index.php?rest_route=\/wp\/v2\/posts"}],"about":[{"href":"http:\/\/ichkeria.at\/index.php?rest_route=\/wp\/v2\/types\/post"}],"author":[{"embeddable":true,"href":"http:\/\/ichkeria.at\/index.php?rest_route=\/wp\/v2\/users\/2"}],"replies":[{"embeddable":true,"href":"http:\/\/ichkeria.at\/index.php?rest_route=%2Fwp%2Fv2%2Fcomments&post=5650"}],"version-history":[{"count":1,"href":"http:\/\/ichkeria.at\/index.php?rest_route=\/wp\/v2\/posts\/5650\/revisions"}],"predecessor-version":[{"id":5652,"href":"http:\/\/ichkeria.at\/index.php?rest_route=\/wp\/v2\/posts\/5650\/revisions\/5652"}],"wp:attachment":[{"href":"http:\/\/ichkeria.at\/index.php?rest_route=%2Fwp%2Fv2%2Fmedia&parent=5650"}],"wp:term":[{"taxonomy":"category","embeddable":true,"href":"http:\/\/ichkeria.at\/index.php?rest_route=%2Fwp%2Fv2%2Fcategories&post=5650"},{"taxonomy":"post_tag","embeddable":true,"href":"http:\/\/ichkeria.at\/index.php?rest_route=%2Fwp%2Fv2%2Ftags&post=5650"}],"curies":[{"name":"wp","href":"https:\/\/api.w.org\/{rel}","templated":true}]}}