{"id":5660,"date":"2018-03-20T19:34:10","date_gmt":"2018-03-20T17:34:10","guid":{"rendered":"http:\/\/ichkeria.at\/?p=5660"},"modified":"2018-03-20T19:34:10","modified_gmt":"2018-03-20T17:34:10","slug":"handyverbot-fuer-haeftlinge-soll-gelockert-werden","status":"publish","type":"post","link":"http:\/\/ichkeria.at\/?p=5660&lang=de","title":{"rendered":"Handyverbot f\u00fcr H\u00e4ftlinge soll gelockert werden"},"content":{"rendered":"<div class=\"box col-xs-12  c_title \">\n<div class=\"c_outer \">\n<figure id=\"attachment_5661\" aria-describedby=\"caption-attachment-5661\" style=\"width: 630px\" class=\"wp-caption alignleft\"><img loading=\"lazy\" decoding=\"async\" class=\"size-full wp-image-5661\" src=\"http:\/\/ichkeria.at\/wp-content\/uploads\/2018\/03\/\u0431\u0438\u043b\u0434.jpg\" alt=\"\" width=\"630\" height=\"356\" srcset=\"http:\/\/ichkeria.at\/wp-content\/uploads\/2018\/03\/\u0431\u0438\u043b\u0434.jpg 630w, http:\/\/ichkeria.at\/wp-content\/uploads\/2018\/03\/\u0431\u0438\u043b\u0434-300x170.jpg 300w, http:\/\/ichkeria.at\/wp-content\/uploads\/2018\/03\/\u0431\u0438\u043b\u0434-480x271.jpg 480w\" sizes=\"auto, (max-width: 630px) 100vw, 630px\" \/><figcaption id=\"caption-attachment-5661\" class=\"wp-caption-text\">Bild: Martin A. J\u00f6chl<\/figcaption><\/figure>\n<h3>Die 27 Leiter der \u00f6sterreichischen Gef\u00e4ngnisse k\u00f6nnen sich laut einem Positionspapier eine Lockerung des Handy- und Internetverbots vorstellen. Die \u201eelektronische Kommunikation\u201c soll k\u00fcnftig \u201egrunds\u00e4tzlich erlaubt sein, au\u00dfer Insassen m\u00fcssen aufgrund bestimmter Voraussetzungen oder wegen eines bestimmten Verhaltens ausgeschlossen werden\u201c.<\/h3>\n<\/div>\n<\/div>\n<div class=\"box col-xs-12  c_content\">\n<div class=\"row\">\n<div class=\"box col-xs-12  c_tinymce\">\n<div class=\"c_outer\">\n<p>Die Justizwache \u00fcbte Kritik: \u201eWir Justizwachebeamte d\u00fcrfen private Handys nicht mitnehmen, Insassen sollen unkontrolliert kommunizieren d\u00fcrfen\u201c, sagte der Vorsitzende des Zentralausschusses im Justizministerium f\u00fcr die Justizwache, Martin Sch\u00f6pf, gegen\u00fcber dem \u201eKurier\u201c, dem das Positionspapier vorliegt. Josef Mock, Sprecher der Anstaltsleiter, wollte den Vorschlag gegen\u00fcber Medien nicht n\u00e4her erl\u00e4utern, und auch das Justizministerium gab zun\u00e4chst keine inhaltliche Stellungnahme ab. \u201eWir werden das Positionspapier intern pr\u00fcfen und mit dem Sprecher der Anstaltsleiter er\u00f6rtern, die Diskussion aber nicht \u00fcber die Medien f\u00fchren\u201c, sagte Ressortsprecherin Britta Tichy-Martin.<\/p>\n<\/div>\n<\/div>\n<div class=\"box col-xs-12  c_tinymce\">\n<div class=\"c_outer\">\n<p><span lang=\"DE\">Wer elektronische Kommunikation &#8211; sprich Internet und Handys &#8211; nutzen darf und wer nicht, wird in dem Positionspapier offenbar nicht pr\u00e4zise dargelegt. In einem Abschnitt wird lediglich der Ausschluss aufgrund \u201ebestimmter Voraussetzungen\u201c und eines \u201ebestimmten Verhaltens\u201c genannt, au\u00dferdem die U-Haft.<\/span><\/p>\n<\/div>\n<\/div>\n<div class=\"box col-xs-12  c_html-snippet\">\n<div class=\"c_outer\">\n<div>\n<div class=\"fxf-polls-base fxf-holder b\" data-fxf-query=\"{&quot;id&quot;: &quot;b349b5e46bf5a8c4&quot;}\" data-branding=\"cda32f2c190c7a91\"><iframe loading=\"lazy\" class=\"fxf-embed\" src=\"http:\/\/www.willi.aka.krone.at\/embed\/polls?branding=cda32f2c190c7a91&amp;widget_hash=01410c051516a0ef8c6a11dbe18000d1&amp;filter={%22id%22:%22b349b5e46bf5a8c4%22,%22widget%22:true}\" width=\"100%\" height=\"200\" scrolling=\"no\" seamless=\"seamless\" data-mce-fragment=\"1\"><\/iframe><\/div>\n<\/div>\n<\/div>\n<\/div>\n<div class=\"box col-xs-12  c_tinymce\">\n<div class=\"c_outer\">\n<p><strong>Experte f\u00fcr intelligente Form der \u00dcberwachung<\/strong><br \/>\nDer Kriminologe Wolfgang Gratz macht auf zwei Aspekte bzw. Folgen von fehlendem Internetzugang aufmerksam: den aktuell gro\u00dfen Abstand zwischen den Kommunikationsm\u00f6glichkeiten \u201edrau\u00dfen\u201c und \u201edrinnen\u201c. \u201eDas Strafvollzugsgesetz ist ja entstanden, als noch Briefe geschrieben und Postkarten geschickt wurden. Dann kam das Telefon und man hat Gef\u00e4ngnisinsassen gewisse M\u00f6glichkeiten der telefonischen Kommunikation einger\u00e4umt.\u201c Mangelnde Erfahrung mit dem Internet und Fertigkeiten im Umgang damit k\u00f6nnten nach der Entlassung auch Nachteile im Beruf bedeuten, gibt Gratz zu bedenken.<\/p>\n<\/div>\n<\/div>\n<div class=\"box col-xs-12  c_tinymce\">\n<div class=\"c_outer\">\n<p><span lang=\"DE\">\u201eNat\u00fcrlich gibt es ein gravierendes Problem, und das ist die Frage des Missbrauchs\u201c, sagt der Kriminologe. \u201eEs w\u00fcrde nicht gehen, dass zum Beispiel ein P\u00e4dophiler einschl\u00e4gige Websites besucht oder ein Wirtschaftskrimineller Betr\u00fcgereien via Internet fortsetzt. Man muss schauen, dass man eine intelligente Form der \u00dcberwachung findet, eventuell durch das Blockieren von Websites, eingeschr\u00e4nkten Zugang oder das Protokollieren der besuchten Seiten\u201c, meint der Kriminologe. Das Ausma\u00df der \u00dcberwachung m\u00fcsste je nach Gruppe unterschiedlich sein.<\/span><\/p>\n<\/div>\n<\/div>\n<div class=\"box col-xs-12  c_tinymce\">\n<div class=\"c_outer\">\n<p><span lang=\"DE\">Bei Untersuchungsh\u00e4ftlingen bestimmt nicht die Anstaltsleitung, ob sie telefonieren d\u00fcrfen, sondern Gericht oder Staatsanwaltschaft, sagte Peter Hofkirchner, stellvertretender Leiter der Anstalt Wien-Josefstadt. Im gr\u00f6\u00dften Gef\u00e4ngnis \u00d6sterreichs befinden sich rund 1200 Insassen, rund drei Viertel von ihnen sind U-H\u00e4ftlinge. F\u00fcr alle Insassen stehen rund 25 bis 30 Wertkartentelefone zur Verf\u00fcgung, die in erster Linie f\u00fcr Gespr\u00e4chen mit Angeh\u00f6rigen zur Aufrechterhaltung der sozialen Kontakte bestimmt sind. \u201eDie Gespr\u00e4che k\u00f6nnen \u00fcberwacht werden, das wissen die Insassen\u201c, sagte Hofkirchner.<\/span><\/p>\n<\/div>\n<\/div>\n<div class=\"box col-xs-12  c_image\">\n<div class=\"c_outer\">\n<div id=\"gallery_10555-94f40e7b\" class=\"carousel slide\" data-keyboard=\"false\">\n<div class=\"carousel-inner\" role=\"listbox\">\n<div class=\"item active\">\n<div class=\"img-container\">\n<div class=\"img-lazy-responsive\"><img decoding=\"async\" class=\"img-responsive  img-landscape lazyloaded\" title=\"(Bild: AFP\/Getty Images)\" src=\"http:\/\/imgl.krone.at\/scaled\/1605125\/vdbfe21\/630x356\" alt=\"(Bild: AFP\/Getty Images)\" data-src=\"http:\/\/imgl.krone.at\/scaled\/1605125\/vdbfe21\/630x356\" \/><\/div>\n<\/div>\n<div class=\"carousel-caption clearfix\">\n<div class=\"c_copyright\">Bild: AFP\/Getty Images<\/div>\n<\/div>\n<\/div>\n<\/div>\n<\/div>\n<\/div>\n<\/div>\n<div class=\"box col-xs-12  c_tinymce\">\n<div class=\"c_outer\">\n<p><span lang=\"DE\"><strong>Beliebte Schmuggelware<\/strong><br \/>\nPrivate Handys &#8211; sowie s\u00e4mtliche Ger\u00e4te mit Internetverbindung &#8211; sind im geschlossenen Bereich nicht zul\u00e4ssig, werden nach den Erfahrungen der Justizwache aber immer wieder eingeschmuggelt. So wurden bei einer am 8. Februar 2016 im Auftrag des damaligen Justizministers Wolfgang Brandstetter durchgef\u00fchrten Razzia in allen 27 Gef\u00e4ngnissen 103 Mobiltelefone sichergestellt. Insassen d\u00fcrfen zwar Laptops besitzen und verwenden, allerdings nur solche ohne Internetzugang. Bei anstaltseigenen Telefonen w\u00fcrden eventuell nur bestimmte Nummern freigeschaltet, erl\u00e4utert Tichy-Martin.<\/span><\/p>\n<\/div>\n<\/div>\n<div class=\"box col-xs-12  c_tinymce\">\n<div class=\"c_outer\">\n<p><span lang=\"DE\"><strong>Festnetztelefone f\u00fcr franz\u00f6sische H\u00e4ftlinge<\/strong><br \/>\nIn franz\u00f6sischen Gef\u00e4ngnissen ist eine Liberalisierung der Telekommunikation derzeit in der Umsetzungsphase. Fast alle Zellen werden mit Festnetz-Telefonen ausgestattet, der Auftrag dazu wurde nach einem im J\u00e4nner ver\u00f6ffentlichten Bericht der Tageszeitung \u201eLe Monde\u201c ausgeschrieben. Die H\u00e4ftlinge sollen jeweils nur vier Telefonnummern anw\u00e4hlen k\u00f6nnen, die vorher genehmigt wurden. Im Gef\u00e4ngnis von Montmedy, wo die Zellen-Telefone erprobt wurde, seien im ersten Halbjahr 2017 um fast ein Drittel weniger Handys beschlagnahmt worden.<\/span><\/p>\n<p>&nbsp;<\/p>\n<p>http:\/\/www.krone.at<\/p>\n<\/div>\n<\/div>\n<\/div>\n<\/div>\n","protected":false},"excerpt":{"rendered":"<p>Die 27 Leiter der \u00f6sterreichischen Gef\u00e4ngnisse k\u00f6nnen sich laut einem Positionspapier eine Lockerung des Handy- und Internetverbots vorstellen. Die \u201eelektronische Kommunikation\u201c soll k\u00fcnftig \u201egrunds\u00e4tzlich erlaubt sein, au\u00dfer Insassen m\u00fcssen aufgrund bestimmter Voraussetzungen oder wegen eines bestimmten Verhaltens ausgeschlossen werden\u201c. Die Justizwache \u00fcbte Kritik: \u201eWir Justizwachebeamte d\u00fcrfen private Handys nicht mitnehmen, Insassen sollen unkontrolliert kommunizieren d\u00fcrfen\u201c, [&hellip;]<\/p>\n","protected":false},"author":2,"featured_media":0,"comment_status":"closed","ping_status":"closed","sticky":false,"template":"","format":"standard","meta":{"_jetpack_memberships_contains_paid_content":false,"footnotes":""},"categories":[19],"tags":[],"class_list":["post-5660","post","type-post","status-publish","format-standard","hentry","category-religion"],"jetpack_featured_media_url":"","jetpack_sharing_enabled":true,"_links":{"self":[{"href":"http:\/\/ichkeria.at\/index.php?rest_route=\/wp\/v2\/posts\/5660","targetHints":{"allow":["GET"]}}],"collection":[{"href":"http:\/\/ichkeria.at\/index.php?rest_route=\/wp\/v2\/posts"}],"about":[{"href":"http:\/\/ichkeria.at\/index.php?rest_route=\/wp\/v2\/types\/post"}],"author":[{"embeddable":true,"href":"http:\/\/ichkeria.at\/index.php?rest_route=\/wp\/v2\/users\/2"}],"replies":[{"embeddable":true,"href":"http:\/\/ichkeria.at\/index.php?rest_route=%2Fwp%2Fv2%2Fcomments&post=5660"}],"version-history":[{"count":1,"href":"http:\/\/ichkeria.at\/index.php?rest_route=\/wp\/v2\/posts\/5660\/revisions"}],"predecessor-version":[{"id":5662,"href":"http:\/\/ichkeria.at\/index.php?rest_route=\/wp\/v2\/posts\/5660\/revisions\/5662"}],"wp:attachment":[{"href":"http:\/\/ichkeria.at\/index.php?rest_route=%2Fwp%2Fv2%2Fmedia&parent=5660"}],"wp:term":[{"taxonomy":"category","embeddable":true,"href":"http:\/\/ichkeria.at\/index.php?rest_route=%2Fwp%2Fv2%2Fcategories&post=5660"},{"taxonomy":"post_tag","embeddable":true,"href":"http:\/\/ichkeria.at\/index.php?rest_route=%2Fwp%2Fv2%2Ftags&post=5660"}],"curies":[{"name":"wp","href":"https:\/\/api.w.org\/{rel}","templated":true}]}}