{"id":5684,"date":"2018-03-21T14:16:15","date_gmt":"2018-03-21T12:16:15","guid":{"rendered":"http:\/\/ichkeria.at\/?p=5684"},"modified":"2018-03-21T14:16:15","modified_gmt":"2018-03-21T12:16:15","slug":"er-kaempfte-gegen-30-afghanen-enthaftet","status":"publish","type":"post","link":"http:\/\/ichkeria.at\/?p=5684&lang=de","title":{"rendered":"ER k\u00e4mpfte gegen 30 Afghanen &#8211; Enthaftet"},"content":{"rendered":"<figure id=\"attachment_5687\" aria-describedby=\"caption-attachment-5687\" style=\"width: 504px\" class=\"wp-caption alignleft\"><img loading=\"lazy\" decoding=\"async\" class=\" wp-image-5687\" src=\"http:\/\/ichkeria.at\/wp-content\/uploads\/2018\/03\/\u043f\u0440\u0430\u0442\u0435\u0440.jpg\" alt=\"\" width=\"504\" height=\"252\" srcset=\"http:\/\/ichkeria.at\/wp-content\/uploads\/2018\/03\/\u043f\u0440\u0430\u0442\u0435\u0440.jpg 318w, http:\/\/ichkeria.at\/wp-content\/uploads\/2018\/03\/\u043f\u0440\u0430\u0442\u0435\u0440-300x150.jpg 300w\" sizes=\"auto, (max-width: 504px) 100vw, 504px\" \/><figcaption id=\"caption-attachment-5687\" class=\"wp-caption-text\">\u00a9 Weber<\/figcaption><\/figure>\n<p><strong class=\"article_teaser\">Mit den Praterstern-Dealern hatte sich Bernhard T. angelegt. Er sollte es bitter bereuen.<\/strong><\/p>\n<div class=\"article_body\">\n<p>Der 25-j\u00e4hrige Abendsch\u00fcler und sein Bruder Erich waren am 10. M\u00e4rz kurz vor Mitternacht mit ihrem Hund durch den Bahnhof Prater\u00adstern Richtung Prater marschiert. Immer wieder wurden sie von afghanischen Suchtgifth\u00e4ndlern angesprochen, ob sie Drogen kaufen wollten, was die von Verteidiger Roland Friis vertretenen Br\u00fcder aber vehement ablehnten.<\/p>\n<p><strong>In Rage<\/strong>. Wie berichtet, attackierte ein 30-k\u00f6pfiger Dealer-Mob vor dem Szene-Lokal Fluc pl\u00f6tzlich den Hund und die Br\u00fcder, wobei vor allem Bernhard T. hart rangenommen wurde. Er erlitt schwere Blessuren im Gesicht (siehe Foto oben), geriet aber beim Kampf derart in Rage, dass er auch zwei einschreitende Polizisten durch einen Biss und einen Schlag verletzte.<\/p>\n<p><strong>Tatbegehungsgefahr<\/strong>. Obwohl Bernhard T. bis dahin unbescholten war und \u00fcber einen festen Wohnsitz verf\u00fcgt, kam er wegen Widerstands und K\u00f6rperverletzung in U-Haft. Begr\u00fcndung: Tatbegehungsgefahr. Das Gericht ging also davon aus, dass er \u2013 kaum in Freiheit \u2013 sofort wieder auf einen Polizisten losgehen w\u00fcrde. So voreingenommen und streng war die U-Richterin doch nicht. Gestern, Dienstag, wurde er wieder enthaftet!<\/p>\n<p><strong>Vier Verd\u00e4chtige<\/strong>. Gegen den 25-J\u00e4hrigen wird nun auf freiem Fu\u00df ermittelt \u2013 ein \u201ePrivileg\u201c, das bisher nur die Afghanen, die ihm unter anderem mit einem G\u00fcrtel das Gesicht maltr\u00e4tierten, hatten:<\/p>\n<p>Wie \u00d6STERREICH herausfand, gehen die Beh\u00f6rden gegen die Praterstern-Dealer offenbar mit Samthandschuhen vor: Bisher sind der Polizei nur vier Verd\u00e4chtige im Alter von 19 bis 22 Jahren namentlich bekannt, wobei man es bisher noch nicht einmal geschafft hat, ihnen eine Ladung zur Einvernahme zuzustellen. Auch Bernhards Bruder Erich sowie mehrere dokumentierte Augenzeugen wurden bisher nicht befragt. Werden die \u00adErmittlungen nun endlich \u00adintensiviert?<\/p>\n<p>&nbsp;<\/p>\n<p>http:\/\/www.oe24.at\/oesterreich\/chronik<\/p>\n<\/div>\n","protected":false},"excerpt":{"rendered":"<p>Mit den Praterstern-Dealern hatte sich Bernhard T. angelegt. Er sollte es bitter bereuen. Der 25-j\u00e4hrige Abendsch\u00fcler und sein Bruder Erich waren am 10. M\u00e4rz kurz vor Mitternacht mit ihrem Hund durch den Bahnhof Prater\u00adstern Richtung Prater marschiert. Immer wieder wurden sie von afghanischen Suchtgifth\u00e4ndlern angesprochen, ob sie Drogen kaufen wollten, was die von Verteidiger Roland [&hellip;]<\/p>\n","protected":false},"author":2,"featured_media":0,"comment_status":"closed","ping_status":"closed","sticky":false,"template":"","format":"standard","meta":{"_jetpack_memberships_contains_paid_content":false,"footnotes":""},"categories":[19],"tags":[],"class_list":["post-5684","post","type-post","status-publish","format-standard","hentry","category-religion"],"jetpack_featured_media_url":"","jetpack_sharing_enabled":true,"_links":{"self":[{"href":"http:\/\/ichkeria.at\/index.php?rest_route=\/wp\/v2\/posts\/5684","targetHints":{"allow":["GET"]}}],"collection":[{"href":"http:\/\/ichkeria.at\/index.php?rest_route=\/wp\/v2\/posts"}],"about":[{"href":"http:\/\/ichkeria.at\/index.php?rest_route=\/wp\/v2\/types\/post"}],"author":[{"embeddable":true,"href":"http:\/\/ichkeria.at\/index.php?rest_route=\/wp\/v2\/users\/2"}],"replies":[{"embeddable":true,"href":"http:\/\/ichkeria.at\/index.php?rest_route=%2Fwp%2Fv2%2Fcomments&post=5684"}],"version-history":[{"count":1,"href":"http:\/\/ichkeria.at\/index.php?rest_route=\/wp\/v2\/posts\/5684\/revisions"}],"predecessor-version":[{"id":5688,"href":"http:\/\/ichkeria.at\/index.php?rest_route=\/wp\/v2\/posts\/5684\/revisions\/5688"}],"wp:attachment":[{"href":"http:\/\/ichkeria.at\/index.php?rest_route=%2Fwp%2Fv2%2Fmedia&parent=5684"}],"wp:term":[{"taxonomy":"category","embeddable":true,"href":"http:\/\/ichkeria.at\/index.php?rest_route=%2Fwp%2Fv2%2Fcategories&post=5684"},{"taxonomy":"post_tag","embeddable":true,"href":"http:\/\/ichkeria.at\/index.php?rest_route=%2Fwp%2Fv2%2Ftags&post=5684"}],"curies":[{"name":"wp","href":"https:\/\/api.w.org\/{rel}","templated":true}]}}