{"id":6464,"date":"2018-05-15T09:19:31","date_gmt":"2018-05-15T07:19:31","guid":{"rendered":"http:\/\/ichkeria.at\/?p=6464"},"modified":"2018-05-15T09:19:31","modified_gmt":"2018-05-15T07:19:31","slug":"verdaechtiger-ich-wollte-irgendwen-umbringen","status":"publish","type":"post","link":"http:\/\/ichkeria.at\/?p=6464&lang=de","title":{"rendered":"Verd\u00e4chtiger: &#8218;Ich wollte irgendwen umbringen&#8216;"},"content":{"rendered":"<figure id=\"attachment_6465\" aria-describedby=\"caption-attachment-6465\" style=\"width: 424px\" class=\"wp-caption alignleft\"><img loading=\"lazy\" decoding=\"async\" class=\" wp-image-6465\" src=\"http:\/\/ichkeria.at\/wp-content\/uploads\/2018\/05\/\u0443\u0431\u0438\u0439\u0441\u0442\u0432\u043e.jpg\" alt=\"\" width=\"424\" height=\"212\" srcset=\"http:\/\/ichkeria.at\/wp-content\/uploads\/2018\/05\/\u0443\u0431\u0438\u0439\u0441\u0442\u0432\u043e.jpg 318w, http:\/\/ichkeria.at\/wp-content\/uploads\/2018\/05\/\u0443\u0431\u0438\u0439\u0441\u0442\u0432\u043e-300x150.jpg 300w\" sizes=\"auto, (max-width: 424px) 100vw, 424px\" \/><figcaption id=\"caption-attachment-6465\" class=\"wp-caption-text\">Oe24<\/figcaption><\/figure>\n<p><strong class=\"article_teaser\">Der Mann aus der Wohnhausanlage schockte mit seinem Gest\u00e4ndnis sogar die Polizisten.\u00a0<\/strong><\/p>\n<div class=\"article_body\">\n<div id=\"OutstreamAd1\" class=\"adSlotAdition outstream\"><\/div>\n<div id=\"cke_pastebin\">Im Fall einer in Wien-D\u00f6bling get\u00f6teten Siebenj\u00e4hrigen ist in der Nacht auf Dienstag ein Tatverd\u00e4chtiger festgenommen worden. Ein Mann aus der Wohnhausanlage, in dem auch die Familie des Kindes lebt, werde derzeit einvernommen, best\u00e4tigt die Polizei gegen\u00fcber oe24.at. Die Einvernahme w\u00fcrde laufen.<\/div>\n<h3>&#8222;Ich wollte einfach irgendwen umbringen&#8220;<\/h3>\n<div><\/div>\n<div>Laut Insiderkreisen aus dem Ermittlerumfeld legte der Verd\u00e4chtige, ein eingeb\u00fcrgerter Tschetschene, bereits ein Gest\u00e4ndnis ab. Die Einvernahme des Mannes, der ein Bewohner der Wohnanlage sei, soll bei dem Verh\u00f6r v\u00f6llig emotionslos gestanden haben: &#8222;Ich wollte einfach irgendwen umbringen&#8220;. Es h\u00e4tte jeden treffen k\u00f6nnen. So etwas h\u00e4tten selbst die Polizisten nie erlebt. Laut Informationen h\u00e4tten Sp\u00fcrhunde zum mutma\u00dflichen T\u00e4ter gef\u00fchrt. Der Tatort soll die Waschk\u00fcche sein.<\/div>\n<div id=\"cke_pastebin\"><\/div>\n<div id=\"cke_pastebin\">Das Volksschulkind war am Freitagnachmittag verschwunden und zuletzt am Spielplatz im Innenhof gesehen worden, ehe Samstagfr\u00fch die Leiche des M\u00e4dchens in Plastik gewickelt in einem M\u00fcllcontainer entdeckt wurde. Das Kind war durch einen Stich in den Hals get\u00f6tet worden.<\/div>\n<div><\/div>\n<div><\/div>\n<div>http:\/\/www.oe24.at\/oesterreich\/chronik\/wien<\/div>\n<\/div>\n","protected":false},"excerpt":{"rendered":"<p>Der Mann aus der Wohnhausanlage schockte mit seinem Gest\u00e4ndnis sogar die Polizisten.\u00a0 Im Fall einer in Wien-D\u00f6bling get\u00f6teten Siebenj\u00e4hrigen ist in der Nacht auf Dienstag ein Tatverd\u00e4chtiger festgenommen worden. Ein Mann aus der Wohnhausanlage, in dem auch die Familie des Kindes lebt, werde derzeit einvernommen, best\u00e4tigt die Polizei gegen\u00fcber oe24.at. Die Einvernahme w\u00fcrde laufen. &#8222;Ich [&hellip;]<\/p>\n","protected":false},"author":2,"featured_media":0,"comment_status":"closed","ping_status":"closed","sticky":false,"template":"","format":"standard","meta":{"_jetpack_memberships_contains_paid_content":false,"footnotes":""},"categories":[19],"tags":[],"class_list":["post-6464","post","type-post","status-publish","format-standard","hentry","category-religion"],"jetpack_featured_media_url":"","jetpack_sharing_enabled":true,"_links":{"self":[{"href":"http:\/\/ichkeria.at\/index.php?rest_route=\/wp\/v2\/posts\/6464","targetHints":{"allow":["GET"]}}],"collection":[{"href":"http:\/\/ichkeria.at\/index.php?rest_route=\/wp\/v2\/posts"}],"about":[{"href":"http:\/\/ichkeria.at\/index.php?rest_route=\/wp\/v2\/types\/post"}],"author":[{"embeddable":true,"href":"http:\/\/ichkeria.at\/index.php?rest_route=\/wp\/v2\/users\/2"}],"replies":[{"embeddable":true,"href":"http:\/\/ichkeria.at\/index.php?rest_route=%2Fwp%2Fv2%2Fcomments&post=6464"}],"version-history":[{"count":1,"href":"http:\/\/ichkeria.at\/index.php?rest_route=\/wp\/v2\/posts\/6464\/revisions"}],"predecessor-version":[{"id":6466,"href":"http:\/\/ichkeria.at\/index.php?rest_route=\/wp\/v2\/posts\/6464\/revisions\/6466"}],"wp:attachment":[{"href":"http:\/\/ichkeria.at\/index.php?rest_route=%2Fwp%2Fv2%2Fmedia&parent=6464"}],"wp:term":[{"taxonomy":"category","embeddable":true,"href":"http:\/\/ichkeria.at\/index.php?rest_route=%2Fwp%2Fv2%2Fcategories&post=6464"},{"taxonomy":"post_tag","embeddable":true,"href":"http:\/\/ichkeria.at\/index.php?rest_route=%2Fwp%2Fv2%2Ftags&post=6464"}],"curies":[{"name":"wp","href":"https:\/\/api.w.org\/{rel}","templated":true}]}}