{"id":6482,"date":"2018-05-17T11:00:17","date_gmt":"2018-05-17T09:00:17","guid":{"rendered":"http:\/\/ichkeria.at\/?p=6482"},"modified":"2018-05-17T11:00:17","modified_gmt":"2018-05-17T09:00:17","slug":"maedchenmord-robert-k-sass-am-montag-wieder-in-klasse","status":"publish","type":"post","link":"http:\/\/ichkeria.at\/?p=6482&lang=de","title":{"rendered":"M\u00e4dchenmord: Robert K. sa\u00df am Montag wieder in Klasse"},"content":{"rendered":"<div class=\"article-header\">\n<div class=\"container-spacing\">\n<figure id=\"attachment_6483\" aria-describedby=\"caption-attachment-6483\" style=\"width: 516px\" class=\"wp-caption alignleft\"><img loading=\"lazy\" decoding=\"async\" class=\"size-full wp-image-6483\" src=\"http:\/\/ichkeria.at\/wp-content\/uploads\/2018\/05\/schkola-e1526547499604.jpg\" alt=\"\" width=\"516\" height=\"258\" \/><figcaption id=\"caption-attachment-6483\" class=\"wp-caption-text\">\u00a9 Bild: Kurier\/Juerg Christandl<\/figcaption><\/figure>\n<h3 class=\"leadtext\">Die Eltern des Verd\u00e4chtigen sollen auf eine gute Ausbildung gro\u00dfen Wert gelegt haben.<\/h3>\n<\/div>\n<\/div>\n<section class=\"section text-content\">\n<div class=\"container-spacing\">\n<div class=\"text-container-row\">\n<div>\n<p>Im katholischen Gymnasium\u00a0<span class=\"rtr-schema-org\">Maria Regina<\/span>\u00a0in\u00a0<span class=\"rtr-schema-org\">Wien-D\u00f6bling<\/span>\u00a0herrscht nach der Tat\u00a0<span class=\"rtr-schema-org\">Fassungslosigkeit<\/span>. Drei Tage nach dem\u00a0<span class=\"rtr-schema-org\">Mord<\/span>\u00a0sa\u00df der Verd\u00e4chtige\u00a0<span class=\"rtr-schema-org\">Robert K.<\/span>noch in seiner Klasse, als w\u00e4re nichts geschehen. Die Sch\u00fcler, die am Mittwoch ein und aus gehen, k\u00f6nnen und wollten sich nicht zu ihrem Mitsch\u00fcler \u00e4u\u00dfern. Zutritt zum Gymnasium bekommen nur Sch\u00fcler, Eltern und Lehrpersonal. Am Vorplatz ist selbst in den gr\u00f6\u00dferen Pausen kaum ein Jugendlicher anzutreffen.<\/p>\n<\/div>\n<div>\n<h3>Unauff\u00e4llig<\/h3>\n<\/div>\n<div>\n<p>Die Vita des Gymnasiasten liest sich unauff\u00e4llig:\u00a0<span class=\"rtr-schema-org\">Robert K.<\/span>\u00a0kam am 14. Februar 2002 in dem kleinen Ort\u00a0<span class=\"rtr-schema-org\">Darbankhi<\/span>\u00a0auf die Welt, der keine 50 Kilometer von der tschetschenischen Hauptstadt\u00a0<span class=\"rtr-schema-org\">Grosny<\/span>\u00a0liegt. Mit zwei Jahren kam er mit seinen Eltern nach\u00a0<span class=\"rtr-schema-org\">\u00d6sterreich<\/span>. Der 16-J\u00e4hrige besuchte in den vergangenen Jahren die Volksschule und das Gymnasium der Privatschule, die mindestens 190 Euro pro Monat kostet. Laut Lehrern sei der Mordverd\u00e4chtige ein sehr guter Sch\u00fcler gewesen. Auf einem Klassenfoto starrt der Jugendliche mit steinerner Miene in die\u00a0<span class=\"rtr-schema-org\">Kamera<\/span>.<\/p>\n<p>Eltern ehemaliger Klassenkollegen von\u00a0<span class=\"rtr-schema-org\">K.<\/span>\u00a0schildern, dass die Familie sehr bedacht auf die\u00a0<span class=\"rtr-schema-org\">Bildung<\/span>\u00a0und den Erfolg ihrer zwei S\u00f6hne war. Selbst die \u00c4nderung in \u00f6sterreichische Vor- und Nachnamen h\u00e4tte die Familie zugunsten steigender Erfolgschancen vornehmen lassen.<\/p>\n<p>Die Schulleitung will sich zu dem Verd\u00e4chtigen nicht \u00e4u\u00dfern, ein Kriseninterventions-Team steht den Sch\u00fclern zur Seite. In einem Brief, der am Dienstag an die Eltern geschickt wird, hei\u00dft es, die Tatsache, dass der mutma\u00dfliche M\u00f6rder ein Sch\u00fcler der Schule ist, mache fassungslos.<\/p>\n<p>\u201eWir haben ab morgen einen gro\u00dfen Stab an psychologischer und seelsorglicher Hilfe sowohl vom Stadtschulrat als auch vom Schulerhalter. Unsere ganze Sorge gilt nun unseren Sch\u00fclern\u201c, steht in dem Schreiben. Au\u00dferdem wird darauf hingewiesen, dass man mit den Kindern \u00fcber alles reden sollte. \u201eGott m\u00f6ge den betroffenen Familien und uns allen beistehen\u201c, schreiben Direktion und Elternvertretung am Ende des Briefes.<\/p>\n<\/div>\n<\/div>\n<\/div>\n<div class=\"container-spacing\">\n<section class=\"section authorblock\">\n<div class=\"authors\">\n<div class=\"author-information\"><span class=\"author-name\">DANIEL<\/span><span class=\"author-name\">MELCHER<\/span><\/div>\n<\/div>\n<\/section>\n<\/div>\n<div class=\"container-spacing\">\n<section class=\"section source-article\">\n<div>(\u00a0kurier.at\u00a0)\u00a0Erstellt am\u00a0<span class=\"published-time\">17.05.2018<\/span><\/div>\n<\/section>\n<\/div>\n<\/section>\n","protected":false},"excerpt":{"rendered":"<p>Die Eltern des Verd\u00e4chtigen sollen auf eine gute Ausbildung gro\u00dfen Wert gelegt haben. Im katholischen Gymnasium\u00a0Maria Regina\u00a0in\u00a0Wien-D\u00f6bling\u00a0herrscht nach der Tat\u00a0Fassungslosigkeit. Drei Tage nach dem\u00a0Mord\u00a0sa\u00df der Verd\u00e4chtige\u00a0Robert K.noch in seiner Klasse, als w\u00e4re nichts geschehen. Die Sch\u00fcler, die am Mittwoch ein und aus gehen, k\u00f6nnen und wollten sich nicht zu ihrem Mitsch\u00fcler \u00e4u\u00dfern. Zutritt zum Gymnasium [&hellip;]<\/p>\n","protected":false},"author":2,"featured_media":0,"comment_status":"closed","ping_status":"closed","sticky":false,"template":"","format":"standard","meta":{"_jetpack_memberships_contains_paid_content":false,"footnotes":""},"categories":[19],"tags":[],"class_list":["post-6482","post","type-post","status-publish","format-standard","hentry","category-religion"],"jetpack_featured_media_url":"","jetpack_sharing_enabled":true,"_links":{"self":[{"href":"http:\/\/ichkeria.at\/index.php?rest_route=\/wp\/v2\/posts\/6482","targetHints":{"allow":["GET"]}}],"collection":[{"href":"http:\/\/ichkeria.at\/index.php?rest_route=\/wp\/v2\/posts"}],"about":[{"href":"http:\/\/ichkeria.at\/index.php?rest_route=\/wp\/v2\/types\/post"}],"author":[{"embeddable":true,"href":"http:\/\/ichkeria.at\/index.php?rest_route=\/wp\/v2\/users\/2"}],"replies":[{"embeddable":true,"href":"http:\/\/ichkeria.at\/index.php?rest_route=%2Fwp%2Fv2%2Fcomments&post=6482"}],"version-history":[{"count":1,"href":"http:\/\/ichkeria.at\/index.php?rest_route=\/wp\/v2\/posts\/6482\/revisions"}],"predecessor-version":[{"id":6484,"href":"http:\/\/ichkeria.at\/index.php?rest_route=\/wp\/v2\/posts\/6482\/revisions\/6484"}],"wp:attachment":[{"href":"http:\/\/ichkeria.at\/index.php?rest_route=%2Fwp%2Fv2%2Fmedia&parent=6482"}],"wp:term":[{"taxonomy":"category","embeddable":true,"href":"http:\/\/ichkeria.at\/index.php?rest_route=%2Fwp%2Fv2%2Fcategories&post=6482"},{"taxonomy":"post_tag","embeddable":true,"href":"http:\/\/ichkeria.at\/index.php?rest_route=%2Fwp%2Fv2%2Ftags&post=6482"}],"curies":[{"name":"wp","href":"https:\/\/api.w.org\/{rel}","templated":true}]}}