{"id":6498,"date":"2018-05-19T00:15:30","date_gmt":"2018-05-18T22:15:30","guid":{"rendered":"http:\/\/ichkeria.at\/?p=6498"},"modified":"2018-05-19T00:15:30","modified_gmt":"2018-05-18T22:15:30","slug":"keine-ermittlungen-gegen-eltern-des-16-jaehrigen","status":"publish","type":"post","link":"http:\/\/ichkeria.at\/?p=6498&lang=de","title":{"rendered":"Keine Ermittlungen gegen Eltern des 16-J\u00e4hrigen"},"content":{"rendered":"<figure id=\"attachment_6499\" aria-describedby=\"caption-attachment-6499\" style=\"width: 405px\" class=\"wp-caption alignleft\"><img loading=\"lazy\" decoding=\"async\" class=\" wp-image-6499\" src=\"http:\/\/ichkeria.at\/wp-content\/uploads\/2018\/05\/mord.jpg\" alt=\"\" width=\"405\" height=\"264\" \/><figcaption id=\"caption-attachment-6499\" class=\"wp-caption-text\">www.heute.at<\/figcaption><\/figure>\n<p class=\"teaser\"><strong>Gegen die Eltern des 16-J\u00e4hrigen, der ein sieben Jahre altes M\u00e4dchen erstochen haben soll, wird von der Staatsanwaltschaft nicht ermittelt. Zuletzt meinte die Mutter des Opfers, sie h\u00e4tten vielleicht beim Beseitigen der Spuren geholfen.<\/strong><\/p>\n<p>\u201eDie Eltern werden nicht als Beschuldigte gef\u00fchrt\u201c, teilte die Sprecherin der Wiener Anklagebeh\u00f6rde, Nina Bussek mit. Selbst wenn sie dem Sohn bei dessen Nachtatverhalten &#8211; etwa in Form von Putzen &#8211; geholfen h\u00e4tten, w\u00e4re dies vermutlich straffrei. Beg\u00fcnstigung (\u00a7 299 StGB) wird bei Angeh\u00f6rigen nicht bestraft.<\/p>\n<p>In Juristenkreisen machte am Freitag unterdessen die Nachricht die Runde, der Vater des 16-J\u00e4hrigen habe in der Vergangenheit bei Gerichtsverhandlungen gedolmetscht. Der Mann findet sich zwar nicht in der offiziellen Liste der allgemein beeideten und gerichtlich zertifizierten Dolmetscher, er wurde aber im Sommer 2015 in einem Terror-Prozess gegen einen IS-Sympathisanten als Tschetschenisch-\u00dcbersetzer beigezogen, weil die Richterin mit der urspr\u00fcnglich bestellten Dolmetscherin nicht zufrieden war.<\/p>\n<h3>Familie bei Begr\u00e4bnis nicht dabei<\/h3>\n<p>Die Leiche des M\u00e4dchens wird nach Tschetschenien \u00fcberstellt, wo ihre sterblichen \u00dcberreste bestattet werden. In Wien haben am Donnerstag die Begr\u00e4bnisfeierlichkeiten stattgefunden. \u201eDie Angeh\u00f6rigen haben sich zum Gebet getroffen. Die Mutter und die Geschwister haben sich dabei von dem get\u00f6teten M\u00e4dchen verabschiedet\u201c, berichtete Nikolaus Rast, der Anwalt der Hinterbliebenen.<\/p>\n<p>Aus fremdenrechtlichen Gr\u00fcnden kann die Familie an der \u00dcberstellung nach Tschetschenien nicht teilnehmen. Die Mutter und die Geschwister besitzen einen Konventionspass, der ihnen die Reise in die Russische F\u00f6deration, aus der sie gefl\u00fcchtet sind, untersagt.<\/p>\n<p>&nbsp;<\/p>\n<p>http:\/\/wien.orf.at\/news<\/p>\n","protected":false},"excerpt":{"rendered":"<p>Gegen die Eltern des 16-J\u00e4hrigen, der ein sieben Jahre altes M\u00e4dchen erstochen haben soll, wird von der Staatsanwaltschaft nicht ermittelt. Zuletzt meinte die Mutter des Opfers, sie h\u00e4tten vielleicht beim Beseitigen der Spuren geholfen. \u201eDie Eltern werden nicht als Beschuldigte gef\u00fchrt\u201c, teilte die Sprecherin der Wiener Anklagebeh\u00f6rde, Nina Bussek mit. Selbst wenn sie dem Sohn [&hellip;]<\/p>\n","protected":false},"author":2,"featured_media":0,"comment_status":"closed","ping_status":"closed","sticky":false,"template":"","format":"standard","meta":{"_jetpack_memberships_contains_paid_content":false,"footnotes":""},"categories":[19],"tags":[],"class_list":["post-6498","post","type-post","status-publish","format-standard","hentry","category-religion"],"jetpack_featured_media_url":"","jetpack_sharing_enabled":true,"_links":{"self":[{"href":"http:\/\/ichkeria.at\/index.php?rest_route=\/wp\/v2\/posts\/6498","targetHints":{"allow":["GET"]}}],"collection":[{"href":"http:\/\/ichkeria.at\/index.php?rest_route=\/wp\/v2\/posts"}],"about":[{"href":"http:\/\/ichkeria.at\/index.php?rest_route=\/wp\/v2\/types\/post"}],"author":[{"embeddable":true,"href":"http:\/\/ichkeria.at\/index.php?rest_route=\/wp\/v2\/users\/2"}],"replies":[{"embeddable":true,"href":"http:\/\/ichkeria.at\/index.php?rest_route=%2Fwp%2Fv2%2Fcomments&post=6498"}],"version-history":[{"count":1,"href":"http:\/\/ichkeria.at\/index.php?rest_route=\/wp\/v2\/posts\/6498\/revisions"}],"predecessor-version":[{"id":6500,"href":"http:\/\/ichkeria.at\/index.php?rest_route=\/wp\/v2\/posts\/6498\/revisions\/6500"}],"wp:attachment":[{"href":"http:\/\/ichkeria.at\/index.php?rest_route=%2Fwp%2Fv2%2Fmedia&parent=6498"}],"wp:term":[{"taxonomy":"category","embeddable":true,"href":"http:\/\/ichkeria.at\/index.php?rest_route=%2Fwp%2Fv2%2Fcategories&post=6498"},{"taxonomy":"post_tag","embeddable":true,"href":"http:\/\/ichkeria.at\/index.php?rest_route=%2Fwp%2Fv2%2Ftags&post=6498"}],"curies":[{"name":"wp","href":"https:\/\/api.w.org\/{rel}","templated":true}]}}