{"id":6768,"date":"2018-06-08T09:13:34","date_gmt":"2018-06-08T07:13:34","guid":{"rendered":"http:\/\/ichkeria.at\/?p=6768"},"modified":"2018-06-08T09:13:34","modified_gmt":"2018-06-08T07:13:34","slug":"diese-moscheen-werden-jetzt-geschlossen","status":"publish","type":"post","link":"http:\/\/ichkeria.at\/?p=6768&lang=de","title":{"rendered":"Diese Moscheen werden jetzt geschlossen"},"content":{"rendered":"<div class=\"story_head\">\n<div class=\"story_titles\">\n<figure id=\"attachment_6769\" aria-describedby=\"caption-attachment-6769\" style=\"width: 425px\" class=\"wp-caption alignleft\"><img loading=\"lazy\" decoding=\"async\" class=\" wp-image-6769\" src=\"http:\/\/ichkeria.at\/wp-content\/uploads\/2018\/06\/\u0441\u0442\u0440\u0430\u0445\u0435.jpg\" alt=\"\" width=\"425\" height=\"319\" srcset=\"http:\/\/ichkeria.at\/wp-content\/uploads\/2018\/06\/\u0441\u0442\u0440\u0430\u0445\u0435.jpg 600w, http:\/\/ichkeria.at\/wp-content\/uploads\/2018\/06\/\u0441\u0442\u0440\u0430\u0445\u0435-300x225.jpg 300w, http:\/\/ichkeria.at\/wp-content\/uploads\/2018\/06\/\u0441\u0442\u0440\u0430\u0445\u0435-480x360.jpg 480w\" sizes=\"auto, (max-width: 425px) 100vw, 425px\" \/><figcaption id=\"caption-attachment-6769\" class=\"wp-caption-text\">Die Regierung schlie\u00dft sieben Moscheen<\/figcaption><\/figure>\n<p><strong>Die Regierung holt zum Schlag gegen den politischen Islam aus: Insgesamt sieben islamischen Gottesh\u00e4usern wird der Betrieb untersagt.<\/strong><\/p>\n<\/div>\n<div class=\"story_media\">\n<div class=\"fb-video fb_iframe_widget fb_iframe_widget_fluid_desktop\" data-href=\"https:\/\/www.facebook.com\/heute\/videos\/10156363664379402\/\" data-show-text=\"false\">Kanzler Kurz (VP), Vizekanzler Strache (FP), Innenminister Kickl (FP) und Kanzleramtsminister Bl\u00fcmel (VP) haben am Freitag Vormittag in einer Pressekonferenz angek\u00fcndigt, die Moschee der Grauen W\u00f6lfe und sechs Gottesh\u00e4user der arabischen Kultusgemeinde zu schlie\u00dfen. Einem Pool an 150 Imamen und Familienangeh\u00f6rigen droht die Ausweisung.<\/div>\n<\/div>\n<\/div>\n<div class=\"story_content \">\n<div class=\"story_text\">\n<p><b><a href=\"http:\/\/www.heute.at\/politik\/news\/story\/ATIB-Moschee-Wien-Kinder-Militaer-Tuerkei-Kopftuch-43726663\" target=\"_blank\" rel=\"noopener\">Anlass f\u00fcr eine genauere Untersuchung der Moscheen war unter anderem der Skandal um Kriegsspiele in einer ATIB-Moschee in Wien-Brigittenau<\/a><\/b>. Nun wird eine illegale Moschee der Grauen W\u00f6lfe am Antonsplatz (Wien-Favoriten) geschlossen, die ohne Genehmigung der Islamischen Glaubensgemeinschaft betrieben wurde, und sechs Einrichtungen der arabischen Kultusgemeinde in Wien, Ober\u00f6sterreich und K\u00e4rnten der Betrieb untersagt.<\/p>\n<div id=\"multislider_dtc_4032722_inl_0\" class=\"multislider_maw gallery inlined\">\n<div class=\"navigated forward shown\">F\u00fcr das Vorgehen gegen die arabische Kultusgemeinde nannte der zust\u00e4ndige Minister Gernot Bl\u00fcmel mehrere Gr\u00fcnde: Personen aus salafistischen Kreisen seien dort angetroffen worden, au\u00dferdem gebe es Hinweise auf Finanzierung aus dem Ausland.<\/div>\n<\/div>\n<p><b>Bis 150 Personen von Abschiebung bedroht<\/b><\/p>\n<p>Unter dem Verdacht der illegalen Auslandsfinanzierung seien auch Imame beim t\u00fcrkischen Verein ATIB \u00fcberpr\u00fcft worden. Das Fazit: &#8222;Eine weitere Erteilung von Aufenthaltstiteln an ATIB-Imame w\u00fcrde dem Islamgesetz widersprechen&#8220;, so Innenminister Kickl. Zwei Prediger seien bereits zur Ausreise aufgefordert worden, mehrere h\u00e4tten bereits auf einen Verl\u00e4ngerungsantrag ihres Aufenthaltstitels verzichtet.<\/p>\n<p>Von 260 Imamen, die in \u00d6sterreich praktizieren, seien 60 vom Verdacht der Auslandsfinanzierung betroffen, so Vizekanzler Strache. Innenminister Kickl f\u00fchrte aus, mit deren Familienangeh\u00f6rigen gebe es einen Pool an 150 Personen, die potenziell ausgewiesen werden k\u00f6nnten.<\/p>\n<p>&nbsp;<\/p>\n<p>http:\/\/www.heute.at<\/p>\n<\/div>\n<\/div>\n","protected":false},"excerpt":{"rendered":"<p>Die Regierung holt zum Schlag gegen den politischen Islam aus: Insgesamt sieben islamischen Gottesh\u00e4usern wird der Betrieb untersagt. Kanzler Kurz (VP), Vizekanzler Strache (FP), Innenminister Kickl (FP) und Kanzleramtsminister Bl\u00fcmel (VP) haben am Freitag Vormittag in einer Pressekonferenz angek\u00fcndigt, die Moschee der Grauen W\u00f6lfe und sechs Gottesh\u00e4user der arabischen Kultusgemeinde zu schlie\u00dfen. Einem Pool an [&hellip;]<\/p>\n","protected":false},"author":2,"featured_media":0,"comment_status":"closed","ping_status":"closed","sticky":false,"template":"","format":"standard","meta":{"_jetpack_memberships_contains_paid_content":false,"footnotes":""},"categories":[6],"tags":[],"class_list":["post-6768","post","type-post","status-publish","format-standard","hentry","category-politik"],"jetpack_featured_media_url":"","jetpack_sharing_enabled":true,"_links":{"self":[{"href":"http:\/\/ichkeria.at\/index.php?rest_route=\/wp\/v2\/posts\/6768","targetHints":{"allow":["GET"]}}],"collection":[{"href":"http:\/\/ichkeria.at\/index.php?rest_route=\/wp\/v2\/posts"}],"about":[{"href":"http:\/\/ichkeria.at\/index.php?rest_route=\/wp\/v2\/types\/post"}],"author":[{"embeddable":true,"href":"http:\/\/ichkeria.at\/index.php?rest_route=\/wp\/v2\/users\/2"}],"replies":[{"embeddable":true,"href":"http:\/\/ichkeria.at\/index.php?rest_route=%2Fwp%2Fv2%2Fcomments&post=6768"}],"version-history":[{"count":2,"href":"http:\/\/ichkeria.at\/index.php?rest_route=\/wp\/v2\/posts\/6768\/revisions"}],"predecessor-version":[{"id":6771,"href":"http:\/\/ichkeria.at\/index.php?rest_route=\/wp\/v2\/posts\/6768\/revisions\/6771"}],"wp:attachment":[{"href":"http:\/\/ichkeria.at\/index.php?rest_route=%2Fwp%2Fv2%2Fmedia&parent=6768"}],"wp:term":[{"taxonomy":"category","embeddable":true,"href":"http:\/\/ichkeria.at\/index.php?rest_route=%2Fwp%2Fv2%2Fcategories&post=6768"},{"taxonomy":"post_tag","embeddable":true,"href":"http:\/\/ichkeria.at\/index.php?rest_route=%2Fwp%2Fv2%2Ftags&post=6768"}],"curies":[{"name":"wp","href":"https:\/\/api.w.org\/{rel}","templated":true}]}}