{"id":6833,"date":"2018-06-14T04:15:44","date_gmt":"2018-06-14T02:15:44","guid":{"rendered":"http:\/\/ichkeria.at\/?p=6833"},"modified":"2018-06-14T04:15:44","modified_gmt":"2018-06-14T02:15:44","slug":"van-der-bellen-zur-mindestsicherung-plaene-der-regierung-echtes-problem","status":"publish","type":"post","link":"http:\/\/ichkeria.at\/?p=6833&lang=de","title":{"rendered":"Van der Bellen zur Mindestsicherung: Pl\u00e4ne der Regierung &#8222;echtes Problem&#8220;"},"content":{"rendered":"<header id=\"content_start\" class=\"article__header\">\n<figure id=\"attachment_6834\" aria-describedby=\"caption-attachment-6834\" style=\"width: 528px\" class=\"wp-caption alignleft\"><img loading=\"lazy\" decoding=\"async\" class=\" wp-image-6834\" src=\"http:\/\/ichkeria.at\/wp-content\/uploads\/2018\/06\/\u043f\u0440\u0435\u0437\u0438\u0434\u0435\u043d\u0442.jpg\" alt=\"\" width=\"528\" height=\"317\" srcset=\"http:\/\/ichkeria.at\/wp-content\/uploads\/2018\/06\/\u043f\u0440\u0435\u0437\u0438\u0434\u0435\u043d\u0442.jpg 620w, http:\/\/ichkeria.at\/wp-content\/uploads\/2018\/06\/\u043f\u0440\u0435\u0437\u0438\u0434\u0435\u043d\u0442-300x180.jpg 300w, http:\/\/ichkeria.at\/wp-content\/uploads\/2018\/06\/\u043f\u0440\u0435\u0437\u0438\u0434\u0435\u043d\u0442-480x288.jpg 480w\" sizes=\"auto, (max-width: 528px) 100vw, 528px\" \/><figcaption id=\"caption-attachment-6834\" class=\"wp-caption-text\">Alexander Van der Bellen (Archivbild) \u2013 (c) APA\/HANS PUNZ (HANS PUNZ)<\/figcaption><\/figure>\n<h4 class=\"article__lead\">Der Bundespr\u00e4sident kritisiert die Pl\u00e4ne der Regierung: Man k\u00f6nne nicht &#8222;Deutschkurse reduzieren, beim Geld dann aber auf die Deutschkurse Bedacht nehmen. Das widerspricht sich ja eindeutig.&#8220; Man solle Integration &#8222;in eigenem Interesse&#8220; ernst nehmen.<\/h4>\n<\/header>\n<section class=\"article__main\">\n<div id=\"content-body\" class=\"article__body\">\n<p>Bundespr\u00e4sident Alexander Van der Bellen hat die Pl\u00e4ne der Bundesregierung in puncto Mindestsicherung kritisiert. &#8222;Ich hoffe, das sind noch alles Wenn-S\u00e4tze. Wenn das alles wirklich passiert, haben wir ein echtes Problem&#8220;, meinte Van der Bellen auf die Frage, ob er die Kritik der Hilfsorganisationen, die Ma\u00dfnahmen seien &#8222;integrationsfeindlich&#8220;, unterst\u00fctze.<\/p>\n<h2>&#8222;M\u00fcsste eigentlich andere Schwerpunkte setzen&#8220;<\/h2>\n<p>Die Vereinbarung der schwarz-blauen Koalition sieht die K\u00fcrzung der Mindestsicherung f\u00fcr Fl\u00fcchtlinge vor beziehungsweise bindet diese teilweise an Deutschkenntnisse; subsidi\u00e4r Schutzberechtigte und Asylwerber, die ja in der Grundversorgung sind, sind von der Mindestsicherung ausgeschlossen.<\/p>\n<p>Man k\u00f6nne nicht &#8222;guten Gewissens die Deutschkurse reduzieren, beim Geld dann aber auf die Deutschkenntnisse Bedacht nehmen. Das widerspricht sich ja eindeutig&#8220;, betonte Van der Bellen am Mittwoch am Rande eines Besuches bei Amnesty International \u00d6sterreich: &#8222;Wenn man Integration ernst nimmt &#8211; und das sollten wir in unserem eigenen Interesse tun, nicht nur in dem Interesse der Zuwanderer &#8211; dann, glaube ich, m\u00fcsste man eigentlich einige andere Schwerpunkte setzen.&#8220;<\/p>\n<h2>Amnesty: Regierung verliert &#8222;Koordinatensystem der Menschenrechte aus den Augen&#8220;<\/h2>\n<p>Das Fundament der Menschenrechte beginne nicht nur weltweit, sondern auch in \u00d6sterreich zu br\u00f6ckeln, sagte die \u00f6sterreichische Amnesty-Gesch\u00e4ftsf\u00fchrerin Annemarie Schlack w\u00e4hrend des Besuches des Bundespr\u00e4sidenten. Auch in \u00d6sterreich gebe es &#8222;alarmierende Signale&#8220;.<\/p>\n<p>Die Bundesregierung verliere in einigen Bereichen &#8222;das Koordinatensystem Menschenrechte aus den Augen &#8211; denken wir nur an die Strafrechtsreform, an die aktuellen Vorst\u00f6\u00dfe bei der Mindestsicherung oder \u00dcberwachung&#8220;, meinte Schlack. Dieser negative Trend k\u00f6nne k\u00fcnftig auch Bereiche wie Gesundheit und Bildung betreffen.<\/p>\n<p>&#8222;Was mich wirklich besorgt, ist ein evidenter Bedeutungsverlust von Menschenrechten in politischen Bereich&#8220;, berichtete auch Amnesty-Generalsekret\u00e4r Heinz Patzelt im Gespr\u00e4ch mit Van der Bellen. \u00c4hnlich Schlack: Das Verst\u00e4ndnis, dass es Menschenrechte braucht, sei &#8222;nicht mehr selbstverst\u00e4ndlich&#8220;. Vor allem in den Nachbarl\u00e4ndern \u00d6sterreichs nehme Amnesty einen &#8222;Abw\u00e4rtstrend&#8220; wahr. Mit der bevorstehenden EU-Ratspr\u00e4sidentschaft \u00d6sterreichs habe die Regierung besondere Verantwortung, den Schutz von Menschenrechtsverteidigern voranzutreiben und sicherzustellen, dass es Konsequenzen f\u00fcr jene gebe, die die Menschenrechte nicht einhalten, forderte Amnesty.<\/p>\n<p>(APA)<\/p>\n<\/div>\n<\/section>\n","protected":false},"excerpt":{"rendered":"<p>Der Bundespr\u00e4sident kritisiert die Pl\u00e4ne der Regierung: Man k\u00f6nne nicht &#8222;Deutschkurse reduzieren, beim Geld dann aber auf die Deutschkurse Bedacht nehmen. Das widerspricht sich ja eindeutig.&#8220; Man solle Integration &#8222;in eigenem Interesse&#8220; ernst nehmen. Bundespr\u00e4sident Alexander Van der Bellen hat die Pl\u00e4ne der Bundesregierung in puncto Mindestsicherung kritisiert. &#8222;Ich hoffe, das sind noch alles Wenn-S\u00e4tze. [&hellip;]<\/p>\n","protected":false},"author":2,"featured_media":0,"comment_status":"closed","ping_status":"closed","sticky":false,"template":"","format":"standard","meta":{"_jetpack_memberships_contains_paid_content":false,"footnotes":""},"categories":[6],"tags":[],"class_list":["post-6833","post","type-post","status-publish","format-standard","hentry","category-politik"],"jetpack_featured_media_url":"","jetpack_sharing_enabled":true,"_links":{"self":[{"href":"http:\/\/ichkeria.at\/index.php?rest_route=\/wp\/v2\/posts\/6833","targetHints":{"allow":["GET"]}}],"collection":[{"href":"http:\/\/ichkeria.at\/index.php?rest_route=\/wp\/v2\/posts"}],"about":[{"href":"http:\/\/ichkeria.at\/index.php?rest_route=\/wp\/v2\/types\/post"}],"author":[{"embeddable":true,"href":"http:\/\/ichkeria.at\/index.php?rest_route=\/wp\/v2\/users\/2"}],"replies":[{"embeddable":true,"href":"http:\/\/ichkeria.at\/index.php?rest_route=%2Fwp%2Fv2%2Fcomments&post=6833"}],"version-history":[{"count":2,"href":"http:\/\/ichkeria.at\/index.php?rest_route=\/wp\/v2\/posts\/6833\/revisions"}],"predecessor-version":[{"id":6836,"href":"http:\/\/ichkeria.at\/index.php?rest_route=\/wp\/v2\/posts\/6833\/revisions\/6836"}],"wp:attachment":[{"href":"http:\/\/ichkeria.at\/index.php?rest_route=%2Fwp%2Fv2%2Fmedia&parent=6833"}],"wp:term":[{"taxonomy":"category","embeddable":true,"href":"http:\/\/ichkeria.at\/index.php?rest_route=%2Fwp%2Fv2%2Fcategories&post=6833"},{"taxonomy":"post_tag","embeddable":true,"href":"http:\/\/ichkeria.at\/index.php?rest_route=%2Fwp%2Fv2%2Ftags&post=6833"}],"curies":[{"name":"wp","href":"https:\/\/api.w.org\/{rel}","templated":true}]}}