{"id":7152,"date":"2018-07-16T12:41:13","date_gmt":"2018-07-16T10:41:13","guid":{"rendered":"http:\/\/ichkeria.at\/?p=7152"},"modified":"2018-07-16T12:41:13","modified_gmt":"2018-07-16T10:41:13","slug":"asylstreit-vdb-stellt-sich-gegen-fpoe","status":"publish","type":"post","link":"http:\/\/ichkeria.at\/?p=7152&lang=de","title":{"rendered":"Asylstreit: VdB stellt sich gegen FP\u00d6"},"content":{"rendered":"<figure id=\"attachment_7153\" aria-describedby=\"caption-attachment-7153\" style=\"width: 550px\" class=\"wp-caption alignleft\"><img loading=\"lazy\" decoding=\"async\" class=\"size-full wp-image-7153\" src=\"http:\/\/ichkeria.at\/wp-content\/uploads\/2018\/07\/Van-der-Bellen-e1531737655909.jpg\" alt=\"\" width=\"550\" height=\"330\" \/><figcaption id=\"caption-attachment-7153\" class=\"wp-caption-text\">Bild: Sabine Hertel\/Reuters<\/figcaption><\/figure>\n<p><strong class=\"article_teaser\">Staats- gegen Regierungs\u00adspitze hei\u00dft es jetzt in Sachen Asyl: VdB \u00e4u\u00dfert Unmut.<\/strong><\/p>\n<div class=\"article_body\">\n<p>Lange hat der Bundespr\u00e4sident \u00f6ffentlich zu t\u00fcrkis-blauen Vorhaben geschwiegen. Jetzt scheint Alexander Van der Bellen aber der Kragen zu platzen. Im Interview mit \u00d6STERREICH am Sonntag erkl\u00e4rte sich das Staatsoberhaupt \u00fcberhaupt nicht einverstanden mit den harten Asylpl\u00e4nen der Regierung.<\/p>\n<p>\u201eIch bin durchaus daf\u00fcr, Botschaftsasyl wieder einzuf\u00fchren. Aber wer in unser Land kommt und um Asyl ersucht, muss das tun d\u00fcrfen\u201c, erteilt VdB dem Koalitionsplan eine Absage, Asylantr\u00e4ge nur noch au\u00dferhalb der EU zuzulassen. Bei den von FP-Innenminister Kickl beworbenen \u201eAnlandezentren\u201c au\u00dferhalb der EU ortet er indes \u201eviele unbeantwortete Fragen\u201c bez\u00fcglich humanit\u00e4rer Bedingungen und Sicherheit.<\/p>\n<h3>Streit um Strafen f\u00fcr NGOs<\/h3>\n<p>FP\u00d6-Vizekanzler Heinz-Christian Strache schl\u00e4gt, ebenfalls im \u00d6STERREICH-Talk, in eine ganz andere Kerbe. Er stellt sich hinter die Pl\u00e4ne seines Innenministers und legt sogar noch nach, indem er ein h\u00e4rteres Vorgehen gegen NGOs im Mittelmeer fordert. Wie Italien solle man die Helfer strafrechtlich verfolgen.<\/p>\n<p>Der Pr\u00e4sident protestiert: \u201eWir m\u00fcssen Fluchtursachen wie Krieg, Hunger und Armut bek\u00e4mpfen, aber nicht ertrinkende Schutz\u00adsuchende und ihre Retter.\u201c<\/p>\n<p>&nbsp;<\/p>\n<p>http:\/\/www.oe24.at<\/p>\n<\/div>\n","protected":false},"excerpt":{"rendered":"<p>Staats- gegen Regierungs\u00adspitze hei\u00dft es jetzt in Sachen Asyl: VdB \u00e4u\u00dfert Unmut. Lange hat der Bundespr\u00e4sident \u00f6ffentlich zu t\u00fcrkis-blauen Vorhaben geschwiegen. Jetzt scheint Alexander Van der Bellen aber der Kragen zu platzen. Im Interview mit \u00d6STERREICH am Sonntag erkl\u00e4rte sich das Staatsoberhaupt \u00fcberhaupt nicht einverstanden mit den harten Asylpl\u00e4nen der Regierung. \u201eIch bin durchaus daf\u00fcr, [&hellip;]<\/p>\n","protected":false},"author":2,"featured_media":0,"comment_status":"closed","ping_status":"closed","sticky":false,"template":"","format":"standard","meta":{"_jetpack_memberships_contains_paid_content":false,"footnotes":""},"categories":[6],"tags":[],"class_list":["post-7152","post","type-post","status-publish","format-standard","hentry","category-politik"],"jetpack_featured_media_url":"","jetpack_sharing_enabled":true,"_links":{"self":[{"href":"http:\/\/ichkeria.at\/index.php?rest_route=\/wp\/v2\/posts\/7152","targetHints":{"allow":["GET"]}}],"collection":[{"href":"http:\/\/ichkeria.at\/index.php?rest_route=\/wp\/v2\/posts"}],"about":[{"href":"http:\/\/ichkeria.at\/index.php?rest_route=\/wp\/v2\/types\/post"}],"author":[{"embeddable":true,"href":"http:\/\/ichkeria.at\/index.php?rest_route=\/wp\/v2\/users\/2"}],"replies":[{"embeddable":true,"href":"http:\/\/ichkeria.at\/index.php?rest_route=%2Fwp%2Fv2%2Fcomments&post=7152"}],"version-history":[{"count":2,"href":"http:\/\/ichkeria.at\/index.php?rest_route=\/wp\/v2\/posts\/7152\/revisions"}],"predecessor-version":[{"id":7155,"href":"http:\/\/ichkeria.at\/index.php?rest_route=\/wp\/v2\/posts\/7152\/revisions\/7155"}],"wp:attachment":[{"href":"http:\/\/ichkeria.at\/index.php?rest_route=%2Fwp%2Fv2%2Fmedia&parent=7152"}],"wp:term":[{"taxonomy":"category","embeddable":true,"href":"http:\/\/ichkeria.at\/index.php?rest_route=%2Fwp%2Fv2%2Fcategories&post=7152"},{"taxonomy":"post_tag","embeddable":true,"href":"http:\/\/ichkeria.at\/index.php?rest_route=%2Fwp%2Fv2%2Ftags&post=7152"}],"curies":[{"name":"wp","href":"https:\/\/api.w.org\/{rel}","templated":true}]}}