{"id":7338,"date":"2018-07-27T23:40:54","date_gmt":"2018-07-27T21:40:54","guid":{"rendered":"http:\/\/ichkeria.at\/?p=7338"},"modified":"2018-07-27T23:40:54","modified_gmt":"2018-07-27T21:40:54","slug":"mindestsicherung-falsche-rechenbeispiele","status":"publish","type":"post","link":"http:\/\/ichkeria.at\/?p=7338&lang=de","title":{"rendered":"Mindestsicherung: Falsche Rechenbeispiele"},"content":{"rendered":"<p><strong><img loading=\"lazy\" decoding=\"async\" class=\"size-full wp-image-7339 alignleft\" src=\"http:\/\/ichkeria.at\/wp-content\/uploads\/2018\/07\/mindestsicherung_1-2_0-e1532727589585.jpg\" alt=\"\" width=\"545\" height=\"409\" \/>Statt Sozialleistungen zu k\u00fcrzen, sollte man Geh\u00e4lter erh\u00f6hen und Mieten k\u00fcrzen <\/strong><\/p>\n<p>Leider sind Herrn Schandl vom Freiheitlichen Familienverband N\u00d6 in seinem Kommentar &#8222;Endlich wird die Mindestsicherung korrigiert&#8220; in seinen Rechenbeispielen einige Fehler unterlaufen:<\/p>\n<p>\u00b7 Der Alleinverdienerabsetzbetrag wird in der Mindestsicherung als Einkommen ber\u00fccksichtigt und erh\u00f6ht diese nicht.<\/p>\n<p>\u00b7 Wenn Wohnen nicht ber\u00fccksichtigt wird, ist auch der Mindeststandard niedriger als von ihm angenommen. Dann ergibt sich \u2013 hier neu berechnet mit den Mindeststandards aus Salzburg, die f\u00fcr Kinder niedriger sind als in Wien \u2013 ein anderes Bild:<\/p>\n<p>\u00b7 Die sechsk\u00f6pfige Familie, in der aktuell niemand berufst\u00e4tig ist, erh\u00e4lt (ohne Ber\u00fccksichtigung von Wohnkosten) in Salzburg Mindestsicherung in der H\u00f6he von 1695,98 Euro.<\/p>\n<p>\u00b7 Die sechsk\u00f6pfige Familie, in der eine Person das von Herrn Schandl angegebene Medianeinkommen erh\u00e4lt, h\u00e4tte ebenfalls (wieder ohne Ber\u00fccksichtigung von Wohnkosten) einen Mindestsicherungsanspruch und w\u00fcrde in Salzburg insgesamt mit einer Aufstockung durch die Mindestsicherung auf 1852,23 Euro kommen.<\/p>\n<p><strong> Das Res\u00fcmee daraus:<\/strong><\/p>\n<p>\u00b7 Es gibt in Salzburg jedenfalls eine Differenz durch das Arbeitseinkommen von mindestens 156,25 Euro zugunsten der Familie, in der eine Person berufst\u00e4tig ist. Eine Ber\u00fccksichtigung der Wohnkosten \u00e4ndert an dieser Differenz nichts, in beiden F\u00e4llen erh\u00e4lt die Familie eine gleich- hohe Unterst\u00fctzung f\u00fcr die Miete bis zum h\u00f6chstzul\u00e4ssigen Wohnungsaufwand.<\/p>\n<p>\u00b7 Bei einer berufst\u00e4tigen Person in der Familie verbleiben jedenfalls zus\u00e4tzlich auch die beiden Sonderzahlungen aus dem Gehalt. Im angef\u00fchrten Beispiel w\u00e4ren dies 3748,92 Euro netto j\u00e4hrlich.<\/p>\n<p>\u00b7 Kinderbeihilfe und Kinderabsetzbetrag erhalten beide Familien. Die GIS-Befreiung erhalten ebenfalls beide. Der Korrektur bedarf hier also nicht die Mindestsicherung, sondern der Kommentar von Herrn Schandl. Derartige falsche Rechenbeispiele nutzen niemanden und lenken von den eigentlichen Problemen ab:<\/p>\n<p>\u00b7 Arbeitseinkommen, die so niedrig sind, dass eine Unterst\u00fctzung durch die Mindestsicherung notwendig ist.<\/p>\n<p>\u00b7 Mieten, die so hoch sind, dass eine Familie mit Medianeinkommen diese nicht mehr aus ihrem Einkommen finanzieren kann.<\/p>\n<p>\u00b7 Fehlende Angebote der Kinderbetreuung erschweren die Arbeitsaufnahme von Personen mit Kinderbetreuungspflichten. Das sind Problemstellungen, deren Korrektur dringend angegangen werden soll. Davon profitieren in \u00d6sterreich sehr viel mehr Menschen als von der Diskussion \u00fcber eine Schlechterstellung von 0,05 Prozent der Haushalte in \u00d6sterreich, die auf eine Unterst\u00fctzung durch die Mindestsicherung angewiesen sind. (Gerhard Feichtner, 25.7.2018)<\/p>\n<p><strong> Gerhard Feichtner<\/strong> war langj\u00e4hrig als Sozialarbeiter und Bereichsleiter f\u00fcr Soziale Arbeit in der Caritas Salzburg sowie als Coach und Unternehmensberater t\u00e4tig und arbeitet derzeit als Sozialexperte im B\u00fcro von LH-Stv. Heinrich Schellhorn (Gr\u00fcne).<\/p>\n<p>&nbsp;<\/p>\n<p><span class=\"author\">Kommentar der <strong>Anderengerhard Feichtner<\/strong>\u00a0<\/span><\/p>\n<p><span class=\"date\">25. Juli 2018<\/span><\/p>\n<p>&nbsp;<\/p>\n<p>&#8211; derstandard.at\/2000084134451\/Mindestsicherung-Falsche-Rechenbeispiele<\/p>\n","protected":false},"excerpt":{"rendered":"<p>Statt Sozialleistungen zu k\u00fcrzen, sollte man Geh\u00e4lter erh\u00f6hen und Mieten k\u00fcrzen Leider sind Herrn Schandl vom Freiheitlichen Familienverband N\u00d6 in seinem Kommentar &#8222;Endlich wird die Mindestsicherung korrigiert&#8220; in seinen Rechenbeispielen einige Fehler unterlaufen: \u00b7 Der Alleinverdienerabsetzbetrag wird in der Mindestsicherung als Einkommen ber\u00fccksichtigt und erh\u00f6ht diese nicht. \u00b7 Wenn Wohnen nicht ber\u00fccksichtigt wird, ist auch [&hellip;]<\/p>\n","protected":false},"author":2,"featured_media":0,"comment_status":"closed","ping_status":"closed","sticky":false,"template":"","format":"standard","meta":{"_jetpack_memberships_contains_paid_content":false,"footnotes":""},"categories":[6],"tags":[],"class_list":["post-7338","post","type-post","status-publish","format-standard","hentry","category-politik"],"jetpack_featured_media_url":"","jetpack_sharing_enabled":true,"_links":{"self":[{"href":"http:\/\/ichkeria.at\/index.php?rest_route=\/wp\/v2\/posts\/7338","targetHints":{"allow":["GET"]}}],"collection":[{"href":"http:\/\/ichkeria.at\/index.php?rest_route=\/wp\/v2\/posts"}],"about":[{"href":"http:\/\/ichkeria.at\/index.php?rest_route=\/wp\/v2\/types\/post"}],"author":[{"embeddable":true,"href":"http:\/\/ichkeria.at\/index.php?rest_route=\/wp\/v2\/users\/2"}],"replies":[{"embeddable":true,"href":"http:\/\/ichkeria.at\/index.php?rest_route=%2Fwp%2Fv2%2Fcomments&post=7338"}],"version-history":[{"count":2,"href":"http:\/\/ichkeria.at\/index.php?rest_route=\/wp\/v2\/posts\/7338\/revisions"}],"predecessor-version":[{"id":7341,"href":"http:\/\/ichkeria.at\/index.php?rest_route=\/wp\/v2\/posts\/7338\/revisions\/7341"}],"wp:attachment":[{"href":"http:\/\/ichkeria.at\/index.php?rest_route=%2Fwp%2Fv2%2Fmedia&parent=7338"}],"wp:term":[{"taxonomy":"category","embeddable":true,"href":"http:\/\/ichkeria.at\/index.php?rest_route=%2Fwp%2Fv2%2Fcategories&post=7338"},{"taxonomy":"post_tag","embeddable":true,"href":"http:\/\/ichkeria.at\/index.php?rest_route=%2Fwp%2Fv2%2Ftags&post=7338"}],"curies":[{"name":"wp","href":"https:\/\/api.w.org\/{rel}","templated":true}]}}