{"id":7897,"date":"2018-09-10T23:35:46","date_gmt":"2018-09-10T21:35:46","guid":{"rendered":"http:\/\/ichkeria.at\/?p=7897"},"modified":"2018-09-10T23:35:46","modified_gmt":"2018-09-10T21:35:46","slug":"bayduev-azamat-aliev-wurde-am-31-08-2018-von-der-republik-polen-nach-tschetschenien-abgeschoben","status":"publish","type":"post","link":"http:\/\/ichkeria.at\/?p=7897&lang=de","title":{"rendered":"Bayduev Azamat Aliev wurde am 31.08.2018 von der Republik Polen nach Tschetschenien abgeschoben."},"content":{"rendered":"<figure id=\"attachment_7898\" aria-describedby=\"caption-attachment-7898\" style=\"width: 300px\" class=\"wp-caption alignleft\"><img loading=\"lazy\" decoding=\"async\" class=\"size-full wp-image-7898\" src=\"http:\/\/ichkeria.at\/wp-content\/uploads\/2018\/09\/azamat.jpg\" alt=\"\" width=\"300\" height=\"168\" \/><figcaption id=\"caption-attachment-7898\" class=\"wp-caption-text\">Foto: Facebook<\/figcaption><\/figure>\n<p><strong>Bayduev Azamat Aliev (geboren am 20.09.1984) wurde am 31.08.2018 von der Republik Polen abgeschoben. Nach sicherer Ankunft in der Republik Tschetschenien am 01. 09.2018 wurde er nun gestern Abend um 23.50 Uhr (am selben Tag noch) h\u00f6chstwahrscheinlich von den Vertretern der Machtstrukturen der Russischen F\u00f6deration in Tschetschenien mit Gewalt entf\u00fchrt.\u00a0<\/strong><\/p>\n<p>Die Vertreter des FSB und des russischen Innenministeriums der Republik Tschetschenien brachen mit etwa 100 Mann, die bewaffnet waren, Funkger\u00e4te hatten, Sonderfahrzeuge fuhren\u00a0 und die gesamte Fl\u00e4che vorblockiert hatten, in das Wohneigentum auf der Stra\u00dfe Lespromhoznaya 19 von Shalazhi (Urus-Martan Bezirk) ein. Das Haus geh\u00f6rte seinem Onkel Umar Baiduev. Die russischen Sicherheitskr\u00e4fte, die diese Einheiten f\u00fchrten, sprachen ohne Akzent auf Russisch und hatten eine slawische Erscheinung. Ohne Anklage und Erkl\u00e4rung der Gr\u00fcnde nahmen die Sicherheitskr\u00e4fte, Azamat Baiduev mit der Anwendung von Gewalt fest. Es wurde nicht einmal bekannt gegeben wohin er gebracht wird. Ich werde auch daran erinnern, dass die internationalen Entf\u00fchrungsgerichte im Zusammenhang mit der Bedrohung des menschlichen Lebens betrachtet werden.<\/p>\n<p>Offenbar ist diese Entf\u00fchrung mit dem Wunsch der russischen Beh\u00f6rden verbunden, um Materialien f\u00fcr die Strafverfolgung von Azamat Baiduev durch Folter und Drohungen zusammenzustellen. Eine andere Erkl\u00e4rung kann es daf\u00fcr nicht geben, weil Azamat w\u00e4hrend der Deportation aus Polen erfolgreich mindestens zwei russische Flughafen Sheremetyevo in Moskau und Sheikh Mansour in Grosny \u00fcberquert hat, ohne weiterer Anspr\u00fcche seitens der Beh\u00f6rden weitergegeben zu werden.<\/p>\n<p>Diese Ereignisse sind ein klares Beispiel daf\u00fcr, was die sogenannten &#8222;individuellen Garantien&#8220; der russischen Beh\u00f6rden f\u00fcr die Beh\u00f6rden der Europ\u00e4ischen Union zu bedeuten haben. Es ist au\u00dferdem klar, dass die Fl\u00fcchtlinge aus Tschetschenien und den anderen nordkaukasischen Regionen, die von den russischen Beh\u00f6rden verfolgt werden, schon praktisch von einem K\u00e4fig ins andere geliefert werden ohne auf die W\u00fcrde eines Menschen zu achten.<\/p>\n<div data-ft=\"{&quot;tn&quot;:&quot;-]&quot;}\"><\/div>\n<div class=\"_52eh _5bcu\" data-ft=\"{&quot;tn&quot;:&quot;-]&quot;}\">\n<div class=\"_2xjf\">\n<div class=\"_52eh _5bcu\" data-ft=\"{&quot;tn&quot;:&quot;-]&quot;}\">Akhmed Gisaev<\/div>\n<\/div>\n<div class=\"_2ye-\"><span class=\"_2yep\">Human Rights Analysis Center<\/span><\/div>\n<\/div>\n<p>&nbsp;<\/p>\n","protected":false},"excerpt":{"rendered":"<p>Bayduev Azamat Aliev (geboren am 20.09.1984) wurde am 31.08.2018 von der Republik Polen abgeschoben. Nach sicherer Ankunft in der Republik Tschetschenien am 01. 09.2018 wurde er nun gestern Abend um 23.50 Uhr (am selben Tag noch) h\u00f6chstwahrscheinlich von den Vertretern der Machtstrukturen der Russischen F\u00f6deration in Tschetschenien mit Gewalt entf\u00fchrt.\u00a0 Die Vertreter des FSB und [&hellip;]<\/p>\n","protected":false},"author":2,"featured_media":0,"comment_status":"closed","ping_status":"closed","sticky":false,"template":"","format":"standard","meta":{"_jetpack_memberships_contains_paid_content":false,"footnotes":""},"categories":[19],"tags":[],"class_list":["post-7897","post","type-post","status-publish","format-standard","hentry","category-religion"],"jetpack_featured_media_url":"","jetpack_sharing_enabled":true,"_links":{"self":[{"href":"http:\/\/ichkeria.at\/index.php?rest_route=\/wp\/v2\/posts\/7897","targetHints":{"allow":["GET"]}}],"collection":[{"href":"http:\/\/ichkeria.at\/index.php?rest_route=\/wp\/v2\/posts"}],"about":[{"href":"http:\/\/ichkeria.at\/index.php?rest_route=\/wp\/v2\/types\/post"}],"author":[{"embeddable":true,"href":"http:\/\/ichkeria.at\/index.php?rest_route=\/wp\/v2\/users\/2"}],"replies":[{"embeddable":true,"href":"http:\/\/ichkeria.at\/index.php?rest_route=%2Fwp%2Fv2%2Fcomments&post=7897"}],"version-history":[{"count":2,"href":"http:\/\/ichkeria.at\/index.php?rest_route=\/wp\/v2\/posts\/7897\/revisions"}],"predecessor-version":[{"id":7900,"href":"http:\/\/ichkeria.at\/index.php?rest_route=\/wp\/v2\/posts\/7897\/revisions\/7900"}],"wp:attachment":[{"href":"http:\/\/ichkeria.at\/index.php?rest_route=%2Fwp%2Fv2%2Fmedia&parent=7897"}],"wp:term":[{"taxonomy":"category","embeddable":true,"href":"http:\/\/ichkeria.at\/index.php?rest_route=%2Fwp%2Fv2%2Fcategories&post=7897"},{"taxonomy":"post_tag","embeddable":true,"href":"http:\/\/ichkeria.at\/index.php?rest_route=%2Fwp%2Fv2%2Ftags&post=7897"}],"curies":[{"name":"wp","href":"https:\/\/api.w.org\/{rel}","templated":true}]}}