{"id":9159,"date":"2019-01-31T00:04:23","date_gmt":"2019-01-30T22:04:23","guid":{"rendered":"http:\/\/ichkeria.at\/?p=9159"},"modified":"2019-03-04T01:05:54","modified_gmt":"2019-03-03T23:05:54","slug":"ovp-minister-greift-kickl-an","status":"publish","type":"post","link":"http:\/\/ichkeria.at\/?p=9159&lang=de","title":{"rendered":"\u00d6VP-Minister greift Kickl an"},"content":{"rendered":"\r\n<figure class=\"wp-block-image\"><img loading=\"lazy\" decoding=\"async\" width=\"616\" height=\"347\" class=\"wp-image-9160\" src=\"http:\/\/ichkeria.at\/wp-content\/uploads\/2019\/01\/josef-moser.jpg\" alt=\"\" srcset=\"http:\/\/ichkeria.at\/wp-content\/uploads\/2019\/01\/josef-moser.jpg 616w, http:\/\/ichkeria.at\/wp-content\/uploads\/2019\/01\/josef-moser-300x169.jpg 300w, http:\/\/ichkeria.at\/wp-content\/uploads\/2019\/01\/josef-moser-480x270.jpg 480w\" sizes=\"auto, (max-width: 616px) 100vw, 616px\" \/>\r\n<figcaption><br \/><a href=\"https:\/\/www.google.at\/imgres?imgurl=https%3A%2F%2Fwww.parlament.gv.at%2FWWER%2FPAD_03896%2F7261207_500.jpg&amp;imgrefurl=https%3A%2F%2Fwww.parlament.gv.at%2FWWER%2FPAD_03896%2Findex.shtml&amp;docid=u29YxqLjgKLA6M&amp;tbnid=NeQOo126hD7jwM%3A&amp;vet=10ahUKEwjrrKPsv5bgAhXIhaYKHUnyDqgQMwhAKAEwAQ..i&amp;w=357&amp;h=500&amp;client=opera&amp;bih=826&amp;biw=1491&amp;q=Josef%20Moser&amp;ved=0ahUKEwjrrKPsv5bgAhXIhaYKHUnyDqgQMwhAKAEwAQ&amp;iact=mrc&amp;uact=8\"><br \/><\/a><a href=\"https:\/\/www.google.at\/url?sa=i&amp;rct=j&amp;q=&amp;esrc=s&amp;source=images&amp;cd=&amp;cad=rja&amp;uact=8&amp;ved=0ahUKEwjrrKPsv5bgAhXIhaYKHUnyDqgQMwhAKAEwAQ&amp;url=https%3A%2F%2Fwww.parlament.gv.at%2FWWER%2FPAD_03896%2Findex.shtml&amp;psig=AOvVaw0p9Pqs9IDcdKxsM2Wbcxjy&amp;ust=1548971825021621&amp;ictx=3&amp;uact=3\" target=\"_blank\" rel=\"noreferrer noopener\">Dr. Josef Moser<\/a> <br \/>Bild: KURIER\/Franz Gruber<\/figcaption>\r\n<\/figure>\r\n\r\n\r\n\r\n<p><em>oe24.TV: Kickl wird f\u00fcr seinen Sager, dass das Recht der Politik folgen sollte, ins Parlament zitiert. Wie sehen Sie das?<\/em><\/p>\r\n\r\n\r\n\r\n<p><strong>Josef\u00a0<\/strong><strong>Moser<\/strong>: Als Justizminister kann ich nur darauf hinweisen, dass sich die Politik, also etwa Minister, nat\u00fcrlich dem Recht zu unterwerfen haben. Es gibt internationale Vertr\u00e4ge, wie die Menschenrechtskonvention, die wir zu beachten haben und die eine Grundfeste unserer Demokratie sind. Nicht zuletzt haben wir in der Verfassung einen Grundsatz, der besagt: Die gesamte staatliche Verwaltung darf nur aufgrund der Gesetze ausge\u00fcbt werden. Nat\u00fcrlich kann die Politik, wenn es im Nationalrat entsprechende Mehrheiten gibt, das Recht ver\u00e4ndern. Aber an bestehende Gesetze hat sich die Vollziehung zu halten.<\/p>\r\n\r\n\r\n\r\n<p><a href=\"https:\/\/www.oe24.at\/oesterreich\/politik\/OeVP-Minister-Moser-greift-Kickl-an\/365900286\">https:\/\/www.oe24.at\/oesterreich\/politik\/OeVP-Minister-Moser-greift-Kickl-an\/365900286<\/a><\/p>\r\n","protected":false},"excerpt":{"rendered":"<p>oe24.TV: Kickl wird f\u00fcr seinen Sager, dass das Recht der Politik folgen sollte, ins Parlament zitiert. Wie sehen Sie das? Josef\u00a0Moser: Als Justizminister kann ich nur darauf hinweisen, dass sich die Politik, also etwa Minister, nat\u00fcrlich dem Recht zu unterwerfen haben. Es gibt internationale Vertr\u00e4ge, wie die Menschenrechtskonvention, die wir zu beachten haben und die [&hellip;]<\/p>\n","protected":false},"author":2,"featured_media":0,"comment_status":"closed","ping_status":"closed","sticky":false,"template":"","format":"standard","meta":{"_jetpack_memberships_contains_paid_content":false,"footnotes":""},"categories":[73],"tags":[],"class_list":["post-9159","post","type-post","status-publish","format-standard","hentry","category-73"],"jetpack_featured_media_url":"","jetpack_sharing_enabled":true,"_links":{"self":[{"href":"http:\/\/ichkeria.at\/index.php?rest_route=\/wp\/v2\/posts\/9159","targetHints":{"allow":["GET"]}}],"collection":[{"href":"http:\/\/ichkeria.at\/index.php?rest_route=\/wp\/v2\/posts"}],"about":[{"href":"http:\/\/ichkeria.at\/index.php?rest_route=\/wp\/v2\/types\/post"}],"author":[{"embeddable":true,"href":"http:\/\/ichkeria.at\/index.php?rest_route=\/wp\/v2\/users\/2"}],"replies":[{"embeddable":true,"href":"http:\/\/ichkeria.at\/index.php?rest_route=%2Fwp%2Fv2%2Fcomments&post=9159"}],"version-history":[{"count":3,"href":"http:\/\/ichkeria.at\/index.php?rest_route=\/wp\/v2\/posts\/9159\/revisions"}],"predecessor-version":[{"id":9417,"href":"http:\/\/ichkeria.at\/index.php?rest_route=\/wp\/v2\/posts\/9159\/revisions\/9417"}],"wp:attachment":[{"href":"http:\/\/ichkeria.at\/index.php?rest_route=%2Fwp%2Fv2%2Fmedia&parent=9159"}],"wp:term":[{"taxonomy":"category","embeddable":true,"href":"http:\/\/ichkeria.at\/index.php?rest_route=%2Fwp%2Fv2%2Fcategories&post=9159"},{"taxonomy":"post_tag","embeddable":true,"href":"http:\/\/ichkeria.at\/index.php?rest_route=%2Fwp%2Fv2%2Ftags&post=9159"}],"curies":[{"name":"wp","href":"https:\/\/api.w.org\/{rel}","templated":true}]}}